{"id":22544,"date":"2025-03-10T21:16:46","date_gmt":"2025-03-10T21:16:46","guid":{"rendered":"https:\/\/new.findnews5.com\/?p=22544"},"modified":"2025-03-10T21:16:49","modified_gmt":"2025-03-10T21:16:49","slug":"ilir-kulla-vetem-erdogan-mund-ta-mbroje-europen-sot-ushtarakisht","status":"publish","type":"post","link":"https:\/\/new.findnews5.com\/?p=22544","title":{"rendered":"Ilir Kulla: Vet\u00ebm Erdogan mund ta mbroj\u00eb Europ\u00ebn sot ushtarakisht"},"content":{"rendered":"<div class=\"78954ae5fa42b68c1393fe3da4998882\" data-index=\"1\" style=\"float: none; margin:0px 0 0px 0; text-align:center;\">\n<div data-type=\"_mgwidget\" data-widget-id=\"1576712\">\r\n<\/div>\r\n<script>(function(w,q){w[q]=w[q]||[];w[q].push([\"_mgc.load\"])})(window,\"_mgq\");\r\n<\/script>\r\n\n<\/div>\n<p>Eksperti i siguris\u00eb Ilir Kulla tha se n\u00ebse prishet NATO, Europa ka vet\u00ebm nj\u00eb mund\u00ebsi mbrojtje, Turqin\u00eb.<\/p>\n<p>N\u00ebse kjo ndodh, Kulla thot\u00eb se Erdogan do t\u00eb dal\u00eb si shp\u00ebtimtar dhe do vendos\u00eb kushte p\u00ebr an\u00ebtar\u00ebsimin n\u00eb BE, dhe jo vet\u00ebm.<\/p>\n<p>Duke folur n\u00eb emisionin \u201cZon\u00eb e Lir\u00eb\u201d Kulla tha:<\/p>\n<p>\u201cVet\u00ebm Erdogan mund ta mbroj\u00eb Europ\u00ebn sot. N\u00ebse prishet NATO, Europa ka vet\u00ebm nj\u00eb mund\u00ebsi mbrojtje, Turqin\u00eb.<\/p>\n<p>Jan\u00eb t\u00eb vetmit q\u00eb kan\u00eb qen\u00eb gjithmon\u00eb t\u00eb p\u00ebrgatitur p\u00ebr t\u00eb b\u00ebr\u00eb luft\u00eb. Sot ka vet\u00ebm nj\u00eb forc\u00eb q\u00eb mund t\u00eb mobilizoj\u00eb forca n\u00eb 24 or\u00eb, \u00ebsht\u00eb Turqia. Por k\u00ebta e kan\u00eb mbajtur Turqin\u00eb, larg Europ\u00ebs.<\/p>\n<p>Pas k\u00ebsaj lideri i vet\u00ebm i Europ\u00ebs do jet\u00eb Turqia dhe shp\u00ebtimtar do quhet Rexhep Tajip Erdogan. Do k\u00ebrkonte an\u00ebtar\u00ebsim dhe furnizimin e Europ\u00ebs me naft\u00eb dhe gaz p\u00ebr 100 vitet e ardhshme. An\u00ebtar\u00ebsim me kushtet e Turqis\u00eb, jo t\u00eb Brukselit, tani\u201d<\/p>\n\n<div style=\"font-size: 0px; height: 0px; line-height: 0px; margin: 0; padding: 0; clear: both;\"><\/div>","protected":false},"excerpt":{"rendered":"<p>Eksperti i siguris\u00eb Ilir Kulla tha se n\u00ebse prishet NATO, Europa ka vet\u00ebm nj\u00eb mund\u00ebsi mbrojtje, Turqin\u00eb. N\u00ebse kjo ndodh, Kulla thot\u00eb se Erdogan do t\u00eb dal\u00eb&#8230; <\/p>\n","protected":false},"author":1,"featured_media":22545,"comment_status":"open","ping_status":"open","sticky":false,"template":"","format":"standard","meta":{"footnotes":""},"categories":[6],"tags":[],"class_list":["post-22544","post","type-post","status-publish","format-standard","has-post-thumbnail","hentry","category-lajme"],"_links":{"self":[{"href":"https:\/\/new.findnews5.com\/index.php?rest_route=\/wp\/v2\/posts\/22544","targetHints":{"allow":["GET"]}}],"collection":[{"href":"https:\/\/new.findnews5.com\/index.php?rest_route=\/wp\/v2\/posts"}],"about":[{"href":"https:\/\/new.findnews5.com\/index.php?rest_route=\/wp\/v2\/types\/post"}],"author":[{"embeddable":true,"href":"https:\/\/new.findnews5.com\/index.php?rest_route=\/wp\/v2\/users\/1"}],"replies":[{"embeddable":true,"href":"https:\/\/new.findnews5.com\/index.php?rest_route=%2Fwp%2Fv2%2Fcomments&post=22544"}],"version-history":[{"count":0,"href":"https:\/\/new.findnews5.com\/index.php?rest_route=\/wp\/v2\/posts\/22544\/revisions"}],"wp:featuredmedia":[{"embeddable":true,"href":"https:\/\/new.findnews5.com\/index.php?rest_route=\/wp\/v2\/media\/22545"}],"wp:attachment":[{"href":"https:\/\/new.findnews5.com\/index.php?rest_route=%2Fwp%2Fv2%2Fmedia&parent=22544"}],"wp:term":[{"taxonomy":"category","embeddable":true,"href":"https:\/\/new.findnews5.com\/index.php?rest_route=%2Fwp%2Fv2%2Fcategories&post=22544"},{"taxonomy":"post_tag","embeddable":true,"href":"https:\/\/new.findnews5.com\/index.php?rest_route=%2Fwp%2Fv2%2Ftags&post=22544"}],"curies":[{"name":"wp","href":"https:\/\/api.w.org\/{rel}","templated":true}]}}