{"id":22533,"date":"2025-03-10T13:56:58","date_gmt":"2025-03-10T13:56:58","guid":{"rendered":"https:\/\/new.findnews5.com\/?p=22533"},"modified":"2025-03-10T13:57:02","modified_gmt":"2025-03-10T13:57:02","slug":"kthesa-drastike-e-motit-meteorologia-tregon-cfare-na-pret-kete-jave-nga-neser","status":"publish","type":"post","link":"https:\/\/new.findnews5.com\/?p=22533","title":{"rendered":"Kthesa drastike e motit\/ Meteorologia tregon \u00e7far\u00eb na pret k\u00ebt\u00eb jav\u00eb: Nga nes\u00ebr\u2026"},"content":{"rendered":"<div class=\"78954ae5fa42b68c1393fe3da4998882\" data-index=\"1\" style=\"float: none; margin:0px 0 0px 0; text-align:center;\">\n<div data-type=\"_mgwidget\" data-widget-id=\"1576712\">\r\n<\/div>\r\n<script>(function(w,q){w[q]=w[q]||[];w[q].push([\"_mgc.load\"])})(window,\"_mgq\");\r\n<\/script>\r\n\n<\/div>\n<p>Dita e sotme ka nisur e kthjell\u00ebt, por nga nes\u00ebr do t\u00eb kthehen rrebeshet dhe moti i paq\u00ebndruesh\u00ebm n\u00eb t\u00eb gjith\u00eb territorin.<\/p>\n<p>K\u00ebt\u00eb paralajm\u00ebroi meteorologia Tanja Porja, sipas t\u00eb cil\u00ebs temperaturat do t\u00eb jen\u00eb shum\u00eb t\u00eb larta, deri n\u00eb 24 grad\u00eb.<\/p>\n<p>\u201cKthjellime dhe vran\u00ebsira, por nga nes\u00ebr mot i paq\u00ebndruesh\u00ebm n\u00eb t\u00eb gjith\u00eb territorin. Do t\u00eb ket\u00eb reshje shiu kryesisht n\u00eb veriper\u00ebndim. Nga nes\u00ebr dhe n\u00eb vijim moti i paq\u00ebndruesh\u00ebm. Rrebeshe afatshkurtra t\u00eb mart\u00ebn. Kryesisht n\u00eb veri dhe n\u00eb qend\u00ebr. Termometri do t\u00eb sh\u00ebnoj\u00eb 24 grad\u00eb. Temperatura shum\u00eb t\u00eb larta\u201d, deklaroi Porja n\u00eb A2 CNN.<\/p>\n<p>E nj\u00ebjta tablo sinoptike, sipas meteorologes, \u00ebsht\u00eb edhe n\u00eb rajon, ku nga nes\u00ebr do t\u00eb nisin reshjet e shiut dhe rrebeshet.<\/p>\n\n<div style=\"font-size: 0px; height: 0px; line-height: 0px; margin: 0; padding: 0; clear: both;\"><\/div>","protected":false},"excerpt":{"rendered":"<p>Dita e sotme ka nisur e kthjell\u00ebt, por nga nes\u00ebr do t\u00eb kthehen rrebeshet dhe moti i paq\u00ebndruesh\u00ebm n\u00eb t\u00eb gjith\u00eb territorin. K\u00ebt\u00eb paralajm\u00ebroi meteorologia Tanja Porja,&#8230; <\/p>\n","protected":false},"author":1,"featured_media":22534,"comment_status":"open","ping_status":"open","sticky":false,"template":"","format":"standard","meta":{"footnotes":""},"categories":[6],"tags":[],"class_list":["post-22533","post","type-post","status-publish","format-standard","has-post-thumbnail","hentry","category-lajme"],"_links":{"self":[{"href":"https:\/\/new.findnews5.com\/index.php?rest_route=\/wp\/v2\/posts\/22533","targetHints":{"allow":["GET"]}}],"collection":[{"href":"https:\/\/new.findnews5.com\/index.php?rest_route=\/wp\/v2\/posts"}],"about":[{"href":"https:\/\/new.findnews5.com\/index.php?rest_route=\/wp\/v2\/types\/post"}],"author":[{"embeddable":true,"href":"https:\/\/new.findnews5.com\/index.php?rest_route=\/wp\/v2\/users\/1"}],"replies":[{"embeddable":true,"href":"https:\/\/new.findnews5.com\/index.php?rest_route=%2Fwp%2Fv2%2Fcomments&post=22533"}],"version-history":[{"count":0,"href":"https:\/\/new.findnews5.com\/index.php?rest_route=\/wp\/v2\/posts\/22533\/revisions"}],"wp:featuredmedia":[{"embeddable":true,"href":"https:\/\/new.findnews5.com\/index.php?rest_route=\/wp\/v2\/media\/22534"}],"wp:attachment":[{"href":"https:\/\/new.findnews5.com\/index.php?rest_route=%2Fwp%2Fv2%2Fmedia&parent=22533"}],"wp:term":[{"taxonomy":"category","embeddable":true,"href":"https:\/\/new.findnews5.com\/index.php?rest_route=%2Fwp%2Fv2%2Fcategories&post=22533"},{"taxonomy":"post_tag","embeddable":true,"href":"https:\/\/new.findnews5.com\/index.php?rest_route=%2Fwp%2Fv2%2Ftags&post=22533"}],"curies":[{"name":"wp","href":"https:\/\/api.w.org\/{rel}","templated":true}]}}