{"id":22530,"date":"2025-03-10T13:54:45","date_gmt":"2025-03-10T13:54:45","guid":{"rendered":"https:\/\/new.findnews5.com\/?p=22530"},"modified":"2025-03-10T13:54:48","modified_gmt":"2025-03-10T13:54:48","slug":"amerika-iku-rusia-po-vjen-ja-arsyet-pse-europa-po-llaston-turqine-e-erdoganit","status":"publish","type":"post","link":"https:\/\/new.findnews5.com\/?p=22530","title":{"rendered":"Amerika iku, Rusia po vjen, ja arsyet pse Europa po llaston Turqin\u00eb e Erdoganit"},"content":{"rendered":"<div class=\"78954ae5fa42b68c1393fe3da4998882\" data-index=\"1\" style=\"float: none; margin:0px 0 0px 0; text-align:center;\">\n<div data-type=\"_mgwidget\" data-widget-id=\"1576712\">\r\n<\/div>\r\n<script>(function(w,q){w[q]=w[q]||[];w[q].push([\"_mgc.load\"])})(window,\"_mgq\");\r\n<\/script>\r\n\n<\/div>\n<p>Turqia, me ushtrin\u00eb e dyt\u00eb m\u00eb t\u00eb madhe n\u00eb NATO dhe nj\u00eb bregdet t\u00eb Detit t\u00eb Zi, po k\u00ebrkon t\u00eb luaj\u00eb nj\u00eb rol ky\u00e7 n\u00eb sigurin\u00eb evropiane pasi Uashingtoni u largua nga rajoni, raporton AFP.<\/p>\n<p>Pas dy raundeve bisedimesh p\u00ebr kriz\u00ebn mbi Ukrain\u00ebn dhe sigurin\u00eb q\u00eb pasuan ndryshimin e politik\u00ebs s\u00eb Uashingtonit, Ankaraja shpejt paralajm\u00ebroi se mbrojtja evropiane nuk mund t\u00eb sigurohet pa p\u00ebrfshirjen e saj.<\/p>\n<p>Lidhje t\u00eb mira me Kievin dhe Mosk\u00ebn<\/p>\n<p>\u201c\u00cbsht\u00eb e paimagjinueshme t\u00eb vendoset siguria evropiane pa Turqin\u00eb,\u201d tha Presidenti Rexhep Tajip Erdogan pas nj\u00eb samiti n\u00eb Lond\u00ebr jav\u00ebn e kaluar. Pa Turqin\u00eb, \u201cpo b\u00ebhet gjithnj\u00eb e m\u00eb e pamundur p\u00ebr Evrop\u00ebn t\u00eb vazhdoj\u00eb rolin e saj si nj\u00eb aktor global,\u201d shtoi ai.<\/p>\n<p>Nj\u00eb zyrtar i lart\u00eb i Ministris\u00eb s\u00eb Mbrojtjes turke foli mbi k\u00ebt\u00eb tem\u00eb t\u00eb enjten.<\/p>\n<p>\u201cMe riform\u00ebsimin e parametrave t\u00eb siguris\u00eb p\u00ebr shkak t\u00eb ngjarjeve t\u00eb fundit, \u00ebsht\u00eb e pamundur t\u00eb sigurohet siguria evropiane pa Turqin\u00eb,\u201d tha ai, duke shtuar se vendi i tij megjithat\u00eb do t\u00eb ishte i gatsh\u00ebm t\u00eb d\u00ebrgonte trupa n\u00eb Ukrain\u00eb si pjes\u00eb e nj\u00eb misioni paqeruajt\u00ebs \u201cn\u00ebse e gjykon t\u00eb nevojshme\u201d.<\/p>\n<p>Ankaraja zyrtare ka mbrojtur vazhdimisht integritetin territorial t\u00eb Ukrain\u00ebs q\u00eb nga fillimi i pushtimit rus n\u00eb vitin 2022 dhe ka furnizuar Kievin me drone luftarake dhe anije detare. Por ajo gjithashtu mbajti marr\u00ebdh\u00ebnie t\u00eb mira me Rusin\u00eb dhe mbeti i vetmi an\u00ebtar i NATO-s q\u00eb nuk iu bashkua sanksioneve kund\u00ebr Mosk\u00ebs.<\/p>\n<p>Forcimi i industris\u00eb s\u00eb mbrojtjes<\/p>\n<p>Me pozicionin e saj unik midis dy pal\u00ebve nd\u00ebrluftuese, Turqia ka ofruar vazhdimisht t\u00eb pres\u00eb bisedimet e paqes. Erdogan dhe ministri i Jasht\u00ebm Hakan Fidan shpesh kan\u00eb pritur mysafir\u00eb si ministri i Jasht\u00ebm rus Sergei Lavrov dhe presidenti ukrainas Volodymyr Zelensky.<\/p>\n<p>Turqia ka zhvilluar ndjesh\u00ebm industrin\u00eb e saj t\u00eb mbrojtjes n\u00eb vitet e fundit, me eksportet q\u00eb u rrit\u00ebn me 29 p\u00ebr qind dhe ato alokime arrit\u00ebn n\u00eb 7.1 miliard\u00eb dollar\u00eb n\u00eb 2024, duke e vendosur at\u00eb t\u00eb 11-t\u00ebn n\u00eb eksportet globale t\u00eb mbrojtjes, tha Erdogan k\u00ebt\u00eb janar.<\/p>\n<p>Motori i suksesit jan\u00eb dron\u00ebt Bayraktar TB2, t\u00eb cil\u00ebt jan\u00eb shitur n\u00eb m\u00eb shum\u00eb se 25 vende, p\u00ebrfshir\u00eb Polonin\u00eb dhe Rumanin\u00eb, sipas hulumtimit t\u00eb Institutit Nd\u00ebrkomb\u00ebtar p\u00ebr Studime Strategjike (IISS).<\/p>\n<p>Shitjet n\u00eb vendet evropiane, ve\u00e7an\u00ebrisht an\u00ebtar\u00ebt e Bashkimit Evropian, i shtojn\u00eb forc\u00eb pretendimit t\u00eb Turqis\u00eb se ajo \u00ebsht\u00eb nj\u00eb lojtar i r\u00ebnd\u00ebsish\u00ebm n\u00eb sigurin\u00eb evropiane,\u201d tha eksperti i IISS Tom Waldyn.<\/p>\n<p>Ushtria e saj, e vendosur strategjikisht n\u00eb krahun lindor t\u00eb Aleanc\u00ebs Atlantike dhe n\u00eb jug t\u00eb Detit t\u00eb Zi \u2013 n\u00eb t\u00eb cilin kontrollon hyrjen p\u00ebrmes Bosforit \u2013 num\u00ebron 373,200 ushtar\u00eb aktiv\u00eb dhe 378,700 rezervist\u00eb t\u00eb tjer\u00eb, sipas t\u00eb dh\u00ebnave t\u00eb IISS. K\u00ebto trupa po marrin pjes\u00eb gjithashtu n\u00eb luftimet n\u00eb Sirin\u00eb verilindore dhe Irakun verior kund\u00ebr rebel\u00ebve kurd\u00eb, sipas nj\u00eb diplomati per\u00ebndimor.<\/p>\n<p>\u201cRiform\u00ebsimi i ekuilibrit t\u00eb pushtetit\u201d<\/p>\n<p>\u201cTurqia ka mbajtur nj\u00eb q\u00ebndrim t\u00eb q\u00ebndruesh\u00ebm n\u00eb p\u00ebrputhje me Kart\u00ebn e OKB-s\u00eb p\u00ebr sovranitetin dhe integritetin territorial\u201d t\u00eb Ukrain\u00ebs, tha ai p\u00ebr AFP. \u201cAjo ka ushtrin\u00eb e dyt\u00eb m\u00eb t\u00eb madhe n\u00eb NATO, por edhe m\u00eb efektiven sepse ka qen\u00eb n\u00eb luftime p\u00ebr dekada\u201d.<\/p>\n<p>Por bashk\u00ebpunimi i BE-s\u00eb me Ankaran\u00eb \u00ebsht\u00eb penguar nga mosmarr\u00ebveshja mbi Qipron, tha diplomati me nj\u00eb nuanc\u00eb zem\u00ebrimi, raporton AFP.<\/p>\n<p>\u201cSa koh\u00eb mund t\u00eb p\u00ebrballojm\u00eb t\u00eb vazhdojm\u00eb me k\u00ebt\u00eb q\u00ebndrim?\u201d<\/p>\n<p>P\u00ebr Nebahat Tanriverdi Yasar, nj\u00eb studiuese e pavarur dhe analiste politike me qend\u00ebr n\u00eb Ankara dhe Berlin, menaxhimi i kujdessh\u00ebm i lidhjeve t\u00eb Turqis\u00eb me Kievin dhe Mosk\u00ebn e ka v\u00ebn\u00eb at\u00eb n\u00eb nj\u00eb pozicion unik.<\/p>\n<p>\u201cTurqia synon t\u00eb menaxhoj\u00eb me kujdes marr\u00ebdh\u00ebniet e saj me Rusin\u00eb dhe mb\u00ebshtetjen e saj t\u00eb mbrojtjes strategjike p\u00ebr Ukrain\u00ebn \u2013 potencialisht me mb\u00ebshtetjen e BE-s\u00eb \u2013 p\u00ebr t\u00eb riformuar ekuilibrin e fuqis\u00eb n\u00eb rajon mes shfaqjes s\u00eb nj\u00eb \u2018rendi t\u00eb ri\u201d\u2019 n\u00eb t\u00eb cilin BE-ja k\u00ebrkon t\u00eb marr\u00eb m\u00eb shum\u00eb p\u00ebrgjegj\u00ebsi p\u00ebr sigurin\u00eb e saj mes ndryshimit t\u00eb politik\u00ebs s\u00eb SHBA\u201d, tha ajo p\u00ebr AFP.<\/p>\n<p>Duke pasur parasysh sfidat q\u00eb soll\u00ebn me vete, Ankaraja \u201cka t\u00eb ngjar\u00eb t\u00eb ndjek\u00eb nj\u00eb qasje pragmatike n\u00eb nj\u00eb afat t\u00eb shkurt\u00ebr, duke u fokusuar n\u00eb zgjerimin e p\u00ebrpjekjeve t\u00eb saj nd\u00ebrmjet\u00ebsuese, thellimin e bashk\u00ebpunimit t\u00eb mbrojtjes me shtetet e zgjedhura evropiane dhe shfryt\u00ebzimin e industris\u00eb s\u00eb saj t\u00eb mbrojtjes p\u00ebr t\u00eb adresuar boshll\u00ebqet e shfaqura n\u00eb mb\u00ebshtetjen ushtarake\u201c, shtoi ajo.<\/p>\n<p>Por Sumbul Kaya, nj\u00eb politologe nga Franca, pohon se Turqia \u201c\u00ebsht\u00eb e shtyr\u00eb mbi t\u00eb gjitha nga d\u00ebshira p\u00ebr t\u00eb mbrojtur interesat e veta\u201d.<\/p>\n<p>\u201cAjo nd\u00ebrhyn vet\u00ebm n\u00eb vendet fqinje p\u00ebr arsye t\u00eb siguris\u00eb s\u00eb brendshme, si Siria dhe Iraku,\u201d tha ajo. \u201cPor nuk b\u00ebhet fjal\u00eb p\u00ebr d\u00ebrgimin e trupave p\u00ebr t\u00eb luftuar kudo \u2013 kjo nuk do t\u00eb shkonte mir\u00eb p\u00ebr popullat\u00ebn. Kjo kriz\u00eb \u00ebsht\u00eb nj\u00eb mund\u00ebsi p\u00ebr t\u00eb theksuar se Turqia \u00ebsht\u00eb edhe an\u00ebtare e NATO-s dhe kandidate p\u00ebr an\u00ebtar\u00ebsim n\u00eb BE\u201d.<\/p>\n\n<div style=\"font-size: 0px; height: 0px; line-height: 0px; margin: 0; padding: 0; clear: both;\"><\/div>","protected":false},"excerpt":{"rendered":"<p>Turqia, me ushtrin\u00eb e dyt\u00eb m\u00eb t\u00eb madhe n\u00eb NATO dhe nj\u00eb bregdet t\u00eb Detit t\u00eb Zi, po k\u00ebrkon t\u00eb luaj\u00eb nj\u00eb rol ky\u00e7 n\u00eb sigurin\u00eb evropiane&#8230; <\/p>\n","protected":false},"author":1,"featured_media":22531,"comment_status":"open","ping_status":"open","sticky":false,"template":"","format":"standard","meta":{"footnotes":""},"categories":[6],"tags":[],"class_list":["post-22530","post","type-post","status-publish","format-standard","has-post-thumbnail","hentry","category-lajme"],"_links":{"self":[{"href":"https:\/\/new.findnews5.com\/index.php?rest_route=\/wp\/v2\/posts\/22530","targetHints":{"allow":["GET"]}}],"collection":[{"href":"https:\/\/new.findnews5.com\/index.php?rest_route=\/wp\/v2\/posts"}],"about":[{"href":"https:\/\/new.findnews5.com\/index.php?rest_route=\/wp\/v2\/types\/post"}],"author":[{"embeddable":true,"href":"https:\/\/new.findnews5.com\/index.php?rest_route=\/wp\/v2\/users\/1"}],"replies":[{"embeddable":true,"href":"https:\/\/new.findnews5.com\/index.php?rest_route=%2Fwp%2Fv2%2Fcomments&post=22530"}],"version-history":[{"count":0,"href":"https:\/\/new.findnews5.com\/index.php?rest_route=\/wp\/v2\/posts\/22530\/revisions"}],"wp:featuredmedia":[{"embeddable":true,"href":"https:\/\/new.findnews5.com\/index.php?rest_route=\/wp\/v2\/media\/22531"}],"wp:attachment":[{"href":"https:\/\/new.findnews5.com\/index.php?rest_route=%2Fwp%2Fv2%2Fmedia&parent=22530"}],"wp:term":[{"taxonomy":"category","embeddable":true,"href":"https:\/\/new.findnews5.com\/index.php?rest_route=%2Fwp%2Fv2%2Fcategories&post=22530"},{"taxonomy":"post_tag","embeddable":true,"href":"https:\/\/new.findnews5.com\/index.php?rest_route=%2Fwp%2Fv2%2Ftags&post=22530"}],"curies":[{"name":"wp","href":"https:\/\/api.w.org\/{rel}","templated":true}]}}