{"id":22526,"date":"2025-03-10T13:50:42","date_gmt":"2025-03-10T13:50:42","guid":{"rendered":"https:\/\/new.findnews5.com\/?p=22526"},"modified":"2025-03-10T13:50:48","modified_gmt":"2025-03-10T13:50:48","slug":"kurti-gjate-qeverisjes-sone-100-mije-gra-kane-hapur-per-here-te-pare-xhirollogari-bankare","status":"publish","type":"post","link":"https:\/\/new.findnews5.com\/?p=22526","title":{"rendered":"Kurti: Gjat\u00eb qeverisjes son\u00eb, 100 mij\u00eb gra kan\u00eb hapur p\u00ebr her\u00eb t\u00eb par\u00eb xhirollogari bankare"},"content":{"rendered":"<div class=\"78954ae5fa42b68c1393fe3da4998882\" data-index=\"1\" style=\"float: none; margin:0px 0 0px 0; text-align:center;\">\n<div data-type=\"_mgwidget\" data-widget-id=\"1576712\">\r\n<\/div>\r\n<script>(function(w,q){w[q]=w[q]||[];w[q].push([\"_mgc.load\"])})(window,\"_mgq\");\r\n<\/script>\r\n\n<\/div>\n<p>Duke folur p\u00ebr politikat qeveritare p\u00ebr fuqizim ekonomik t\u00eb grave, Kryeministri n\u00eb dor\u00ebheqje, Albin Kurti, ka th\u00ebn\u00eb se gjat\u00eb qeverisjes s\u00eb tij \u201c100 mij\u00eb gra kan\u00eb hapur p\u00ebr her\u00eb t\u00eb par\u00eb xhirollogari bankare\u201d.<\/p>\n<p>Mes tjerash, ai pretendoi s\u00ebrish se politikat qeveritare kan\u00eb mb\u00ebshtetur \u201cpun\u00ebsimin direkt t\u00eb mbi 12 mij\u00eb grave\u201d.<\/p>\n<p>\u201cGjat\u00eb k\u00ebtij mandati t\u00eb par\u00eb t\u00eb plto kemi b\u00ebr\u00eb shum\u00eb hapa. Kemi mb\u00ebshtetur pun\u00ebsimin direkt t\u00eb mbi 12 mij\u00eb grave. Mb\u00ebshtet\u00ebm pun\u00ebsimin e 4 mij\u00eb personave, mbi tyre 55% gra \u2013 t\u00eb familjeve q\u00eb s\u2019kan\u00eb pasur asnj\u00eb t\u00eb pun\u00ebsuar\u201d, tha ai.<\/p>\n<p>\u201c100 mij\u00eb gra kan\u00eb hapur p\u00ebr her\u00eb t\u00eb par\u00eb xhirollogari bankare&#8230;Hapat ton\u00eb si shtet tregojn\u00eb fokus politik edhe konsistenc\u00eb instituciona\u00ebe \u2013 jo pak sfida mbeten.<\/p>\n<p>P\u00ebrvoja e vendit ton\u00eb mban nj\u00eb p\u00ebrvoj\u00eb q\u00eb nuk mohohet \u2013 nj\u00eb shoq\u00ebri e dalur nga nj\u00eb okupim i gjat\u00eb&#8230;e tash duket se betej\u00ebn me lirin\u00eb individuale e ka si sfid\u00eb t\u00eb radh\u00ebs\u201d, tha mes tjerash ai.<\/p>\n\n<div style=\"font-size: 0px; height: 0px; line-height: 0px; margin: 0; padding: 0; clear: both;\"><\/div>","protected":false},"excerpt":{"rendered":"<p>Duke folur p\u00ebr politikat qeveritare p\u00ebr fuqizim ekonomik t\u00eb grave, Kryeministri n\u00eb dor\u00ebheqje, Albin Kurti, ka th\u00ebn\u00eb se gjat\u00eb qeverisjes s\u00eb tij \u201c100 mij\u00eb gra kan\u00eb hapur&#8230; <\/p>\n","protected":false},"author":1,"featured_media":22527,"comment_status":"open","ping_status":"open","sticky":false,"template":"","format":"standard","meta":{"footnotes":""},"categories":[6],"tags":[],"class_list":["post-22526","post","type-post","status-publish","format-standard","has-post-thumbnail","hentry","category-lajme"],"_links":{"self":[{"href":"https:\/\/new.findnews5.com\/index.php?rest_route=\/wp\/v2\/posts\/22526","targetHints":{"allow":["GET"]}}],"collection":[{"href":"https:\/\/new.findnews5.com\/index.php?rest_route=\/wp\/v2\/posts"}],"about":[{"href":"https:\/\/new.findnews5.com\/index.php?rest_route=\/wp\/v2\/types\/post"}],"author":[{"embeddable":true,"href":"https:\/\/new.findnews5.com\/index.php?rest_route=\/wp\/v2\/users\/1"}],"replies":[{"embeddable":true,"href":"https:\/\/new.findnews5.com\/index.php?rest_route=%2Fwp%2Fv2%2Fcomments&post=22526"}],"version-history":[{"count":0,"href":"https:\/\/new.findnews5.com\/index.php?rest_route=\/wp\/v2\/posts\/22526\/revisions"}],"wp:featuredmedia":[{"embeddable":true,"href":"https:\/\/new.findnews5.com\/index.php?rest_route=\/wp\/v2\/media\/22527"}],"wp:attachment":[{"href":"https:\/\/new.findnews5.com\/index.php?rest_route=%2Fwp%2Fv2%2Fmedia&parent=22526"}],"wp:term":[{"taxonomy":"category","embeddable":true,"href":"https:\/\/new.findnews5.com\/index.php?rest_route=%2Fwp%2Fv2%2Fcategories&post=22526"},{"taxonomy":"post_tag","embeddable":true,"href":"https:\/\/new.findnews5.com\/index.php?rest_route=%2Fwp%2Fv2%2Ftags&post=22526"}],"curies":[{"name":"wp","href":"https:\/\/api.w.org\/{rel}","templated":true}]}}