{"id":22522,"date":"2025-03-09T14:35:23","date_gmt":"2025-03-09T14:35:23","guid":{"rendered":"https:\/\/new.findnews5.com\/?p=22522"},"modified":"2025-03-09T14:35:43","modified_gmt":"2025-03-09T14:35:43","slug":"e-turshme-berisha-per-median-greke-shqiperia-nuk-i-ploteson-kriteret-per-tu-futur-ne-be","status":"publish","type":"post","link":"https:\/\/new.findnews5.com\/?p=22522","title":{"rendered":"E turshme! Berisha p\u00ebr median greke: Shqip\u00ebria nuk i plot\u00ebson kriteret p\u00ebr tu futur n\u00eb BE"},"content":{"rendered":"<div class=\"78954ae5fa42b68c1393fe3da4998882\" data-index=\"1\" style=\"float: none; margin:0px 0 0px 0; text-align:center;\">\n<div data-type=\"_mgwidget\" data-widget-id=\"1576712\">\r\n<\/div>\r\n<script>(function(w,q){w[q]=w[q]||[];w[q].push([\"_mgc.load\"])})(window,\"_mgq\");\r\n<\/script>\r\n\n<\/div>\n<p>N\u00eb nj\u00eb intervist\u00eb p\u00ebr median greke \u201cLiberal\u201d, Sali Berisha deklaroi se Shqip\u00ebria nuk i plot\u00ebson kriteret p\u00ebr t\u2019u an\u00ebtar\u00ebsuar n\u00eb Bashkimin Europian.<\/p>\n<p>Kryeministri Edi Rama ka deklaruar disa her\u00eb q\u00eb Shqip\u00ebria do t\u00eb jet\u00eb gati p\u00ebr an\u00ebtar\u00ebsim brenda vitit 2030, duke e shpallur k\u00ebt\u00eb si objektivin madhor t\u00eb tijin dhe Partis\u00eb Socialiste, por p\u00ebr Berish\u00ebn, kjo \u00ebsht\u00eb e pamundur.<\/p>\n<p>\u201cN\u00eb m\u00ebnyr\u00eb absolute Shqip\u00ebria nuk plot\u00ebson asnj\u00eb kriter, p\u00ebrve\u00e7 pozicionit gjeostrategjik, p\u00ebr t\u00eb cilin un\u00eb e mb\u00ebshtes procesin. Por kriteret\u2026 Nj\u00eb vend q\u00eb arreston n\u00eb vitin elektoral 3 lider\u00eb t\u00eb opozit\u00ebs, e partive kryesore, nj\u00eb vend q\u00eb u merr mandate me gjykata kund\u00ebrshtar\u00ebve politik\u00eb, se i kontrollon ato, nj\u00eb vend q\u00eb kontrollon mediat n\u00eb m\u00ebnyr\u00eb t\u00eb pam\u00ebshir\u00eb dhe shpall se do mbyll\u00eb rrjetet sociale, TikTok-un, nj\u00eb vend q\u00eb ka t\u00eb burgosur, ka nj\u00eb drejt\u00ebsi politike dhe munges\u00eb t\u00eb nj\u00eb procesi ligjor t\u00eb drejt\u00eb\u201d, tha Berisha.<\/p>\n\n<div style=\"font-size: 0px; height: 0px; line-height: 0px; margin: 0; padding: 0; clear: both;\"><\/div>","protected":false},"excerpt":{"rendered":"<p>N\u00eb nj\u00eb intervist\u00eb p\u00ebr median greke \u201cLiberal\u201d, Sali Berisha deklaroi se Shqip\u00ebria nuk i plot\u00ebson kriteret p\u00ebr t\u2019u an\u00ebtar\u00ebsuar n\u00eb Bashkimin Europian. Kryeministri Edi Rama ka deklaruar&#8230; <\/p>\n","protected":false},"author":1,"featured_media":22523,"comment_status":"open","ping_status":"open","sticky":false,"template":"","format":"standard","meta":{"footnotes":""},"categories":[6],"tags":[],"class_list":["post-22522","post","type-post","status-publish","format-standard","has-post-thumbnail","hentry","category-lajme"],"_links":{"self":[{"href":"https:\/\/new.findnews5.com\/index.php?rest_route=\/wp\/v2\/posts\/22522","targetHints":{"allow":["GET"]}}],"collection":[{"href":"https:\/\/new.findnews5.com\/index.php?rest_route=\/wp\/v2\/posts"}],"about":[{"href":"https:\/\/new.findnews5.com\/index.php?rest_route=\/wp\/v2\/types\/post"}],"author":[{"embeddable":true,"href":"https:\/\/new.findnews5.com\/index.php?rest_route=\/wp\/v2\/users\/1"}],"replies":[{"embeddable":true,"href":"https:\/\/new.findnews5.com\/index.php?rest_route=%2Fwp%2Fv2%2Fcomments&post=22522"}],"version-history":[{"count":0,"href":"https:\/\/new.findnews5.com\/index.php?rest_route=\/wp\/v2\/posts\/22522\/revisions"}],"wp:featuredmedia":[{"embeddable":true,"href":"https:\/\/new.findnews5.com\/index.php?rest_route=\/wp\/v2\/media\/22523"}],"wp:attachment":[{"href":"https:\/\/new.findnews5.com\/index.php?rest_route=%2Fwp%2Fv2%2Fmedia&parent=22522"}],"wp:term":[{"taxonomy":"category","embeddable":true,"href":"https:\/\/new.findnews5.com\/index.php?rest_route=%2Fwp%2Fv2%2Fcategories&post=22522"},{"taxonomy":"post_tag","embeddable":true,"href":"https:\/\/new.findnews5.com\/index.php?rest_route=%2Fwp%2Fv2%2Ftags&post=22522"}],"curies":[{"name":"wp","href":"https:\/\/api.w.org\/{rel}","templated":true}]}}