{"id":22519,"date":"2025-03-09T14:32:37","date_gmt":"2025-03-09T14:32:37","guid":{"rendered":"https:\/\/new.findnews5.com\/?p=22519"},"modified":"2025-03-09T14:32:52","modified_gmt":"2025-03-09T14:32:52","slug":"mos-shkoni-ne-shkolle-rama-i-pergjigjet-flake-per-flake-berishes-i-ka-ikur-mendja","status":"publish","type":"post","link":"https:\/\/new.findnews5.com\/?p=22519","title":{"rendered":"\u201cMos shkoni n\u00eb shkoll\u00eb\u201d\/ Rama i p\u00ebrgjigjet &#8220;flak\u00eb p\u00ebr flak\u00eb&#8221; Berish\u00ebs: I ka ikur mendja\u2026"},"content":{"rendered":"<div class=\"78954ae5fa42b68c1393fe3da4998882\" data-index=\"1\" style=\"float: none; margin:0px 0 0px 0; text-align:center;\">\n<div data-type=\"_mgwidget\" data-widget-id=\"1576712\">\r\n<\/div>\r\n<script>(function(w,q){w[q]=w[q]||[];w[q].push([\"_mgc.load\"])})(window,\"_mgq\");\r\n<\/script>\r\n\n<\/div>\n<p>Kryeministri Edi Rama ka komentuar thirrjen e Sali Berish\u00ebs, i cili ftoi f\u00ebmij\u00ebt n\u00eb nj\u00eb protest\u00eb kund\u00ebr vendimit t\u00eb qeveris\u00eb p\u00ebr mbylljen e TikTok.<\/p>\n<p>Rama u shpreh se thirrja e Berish\u00ebs \u00ebsht\u00eb nj\u00eb sinjal se nga \u00e7far\u00eb duhet t\u00eb ruhen n\u00ebnat shqiptare m\u00eb 11 Maj, duke u k\u00ebrkuar grave q\u00eb t\u00eb mbajn\u00eb burrat mbyllur n\u00eb sht\u00ebpi dit\u00ebn e zgjedhjeve.<\/p>\n<p>\u201cU ftuan f\u00ebmij\u00ebt t\u00eb mos shkojn\u00eb n\u00eb shkoll\u00eb e t\u00eb protestojn\u00eb pse do t\u00eb mbyllet TikTok. Kjo \u00ebsht\u00eb nj\u00eb m\u00ebnyr\u00eb q\u00eb nuk ka nevoj\u00eb p\u00ebr asnj\u00eb koment dhe argumentim, por q\u00eb u thot\u00eb t\u00eb gjitha n\u00ebnave n\u00ebse jan\u00eb socialiste apo demokrate, se nga \u00e7far\u00eb duhet t\u00eb ruhen m\u00eb 11 maj dhe \u00e7far\u00eb duhet t\u00eb ken\u00eb parasysh. N\u00eb 11 maj kush voton duhet t\u00eb ket\u00eb parasysh q\u00eb ka n\u00eb dor\u00eb t\u00eb mb\u00ebshtes\u00eb Shqip\u00ebrin\u00eb p\u00ebr t\u00eb mos humbur asnj\u00eb dit\u00eb nga negociatat me BE-n\u00eb. Thirrja e djeshme, tregon sa rreziqe t\u00eb tjera mund t\u00eb presim nga nj\u00eb mendje e ikur p\u00ebr terital. Kam nj\u00eb thirrje p\u00ebr grat\u00eb demokrate: Burrat mbajini n\u00eb sht\u00ebpi n\u00eb 11 maj, jo f\u00ebmij\u00ebt pa shkoll\u00eb\u201d, tha Rama.<\/p>\n\n<div style=\"font-size: 0px; height: 0px; line-height: 0px; margin: 0; padding: 0; clear: both;\"><\/div>","protected":false},"excerpt":{"rendered":"<p>Kryeministri Edi Rama ka komentuar thirrjen e Sali Berish\u00ebs, i cili ftoi f\u00ebmij\u00ebt n\u00eb nj\u00eb protest\u00eb kund\u00ebr vendimit t\u00eb qeveris\u00eb p\u00ebr mbylljen e TikTok. Rama u shpreh&#8230; <\/p>\n","protected":false},"author":1,"featured_media":22520,"comment_status":"open","ping_status":"open","sticky":false,"template":"","format":"standard","meta":{"footnotes":""},"categories":[6],"tags":[],"class_list":["post-22519","post","type-post","status-publish","format-standard","has-post-thumbnail","hentry","category-lajme"],"_links":{"self":[{"href":"https:\/\/new.findnews5.com\/index.php?rest_route=\/wp\/v2\/posts\/22519","targetHints":{"allow":["GET"]}}],"collection":[{"href":"https:\/\/new.findnews5.com\/index.php?rest_route=\/wp\/v2\/posts"}],"about":[{"href":"https:\/\/new.findnews5.com\/index.php?rest_route=\/wp\/v2\/types\/post"}],"author":[{"embeddable":true,"href":"https:\/\/new.findnews5.com\/index.php?rest_route=\/wp\/v2\/users\/1"}],"replies":[{"embeddable":true,"href":"https:\/\/new.findnews5.com\/index.php?rest_route=%2Fwp%2Fv2%2Fcomments&post=22519"}],"version-history":[{"count":0,"href":"https:\/\/new.findnews5.com\/index.php?rest_route=\/wp\/v2\/posts\/22519\/revisions"}],"wp:featuredmedia":[{"embeddable":true,"href":"https:\/\/new.findnews5.com\/index.php?rest_route=\/wp\/v2\/media\/22520"}],"wp:attachment":[{"href":"https:\/\/new.findnews5.com\/index.php?rest_route=%2Fwp%2Fv2%2Fmedia&parent=22519"}],"wp:term":[{"taxonomy":"category","embeddable":true,"href":"https:\/\/new.findnews5.com\/index.php?rest_route=%2Fwp%2Fv2%2Fcategories&post=22519"},{"taxonomy":"post_tag","embeddable":true,"href":"https:\/\/new.findnews5.com\/index.php?rest_route=%2Fwp%2Fv2%2Ftags&post=22519"}],"curies":[{"name":"wp","href":"https:\/\/api.w.org\/{rel}","templated":true}]}}