{"id":22515,"date":"2025-03-09T14:29:36","date_gmt":"2025-03-09T14:29:36","guid":{"rendered":"https:\/\/new.findnews5.com\/?p=22515"},"modified":"2025-03-09T14:29:45","modified_gmt":"2025-03-09T14:29:45","slug":"linda-rama-ne-samitin-forbes-shqiperia-behet-vendi-i-pare-ne-europe-qe","status":"publish","type":"post","link":"https:\/\/new.findnews5.com\/?p=22515","title":{"rendered":"Linda Rama n\u00eb Samitin \u201cForbes\u201d: Shqip\u00ebria b\u00ebhet vendi i par\u00eb n\u00eb Europ\u00eb q\u00eb\u2026"},"content":{"rendered":"<div class=\"78954ae5fa42b68c1393fe3da4998882\" data-index=\"1\" style=\"float: none; margin:0px 0 0px 0; text-align:center;\">\n<div data-type=\"_mgwidget\" data-widget-id=\"1576712\">\r\n<\/div>\r\n<script>(function(w,q){w[q]=w[q]||[];w[q].push([\"_mgc.load\"])})(window,\"_mgq\");\r\n<\/script>\r\n\n<\/div>\n<p>N\u00eb Abu Dhabi po zhvillohet Samiti i \u201cForbes 2025\u201d.<\/p>\n<p>Revista e njohur amerikane ka njoftuar pjes\u00ebmarrjen e bashk\u00ebshortes s\u00eb kryeministrit shqiptar, Linda Rama.<\/p>\n<p>Linda Rama ka theksuar q\u00eb problemi m\u00eb i madh q\u00eb trash\u00ebgoi komunizmi nuk ishte varf\u00ebria, por traumat sociale. Gjat\u00eb fjal\u00ebs Linda tha se tashm\u00eb Shqip\u00ebria \u00ebsht\u00eb vendi i par\u00eb n\u00eb Europ\u00eb p\u00ebr rritjen e turizmit.<\/p>\n<p>\u201dPas kaosit dhe pasiguris\u00eb t\u00eb vitit 1991 nga r\u00ebnia e sistemit, m\u00ebsimet m\u00eb t\u00eb m\u00ebdha i nxor\u00ebm nga p\u00ebsimet dhe t\u00eb m\u00ebsosh nga p\u00ebsimet \u00ebsht\u00eb e dhimbshme dhe e kushtueshme. N\u00eb tranzicionin ton\u00eb nuk kemi qen\u00eb vet\u00ebm, bota demokratike ka qen\u00eb dhe \u00ebsht\u00eb me ne. Shqiptar\u00ebt dhe Shqip\u00ebria ja kan\u00eb dal\u00eb sot t\u00eb ulen n\u00eb tryez\u00ebn e negociatave p\u00ebr an\u00ebtar\u00ebsim n\u00eb Bashkimin Europian. Jemi vendi me rritjen m\u00eb t\u00eb madhe t\u00eb turizmit n\u00eb Europ\u00eb. Vizitoni Shqip\u00ebrin\u00eb. N\u00ebse vini nj\u00eb her\u00eb, e dim\u00eb q\u00eb do t\u00eb na vizitoni p\u00ebrs\u00ebri\u2019\u2018, tha Linda Rama.<\/p>\n\n<div style=\"font-size: 0px; height: 0px; line-height: 0px; margin: 0; padding: 0; clear: both;\"><\/div>","protected":false},"excerpt":{"rendered":"<p>N\u00eb Abu Dhabi po zhvillohet Samiti i \u201cForbes 2025\u201d. Revista e njohur amerikane ka njoftuar pjes\u00ebmarrjen e bashk\u00ebshortes s\u00eb kryeministrit shqiptar, Linda Rama. Linda Rama ka theksuar&#8230; <\/p>\n","protected":false},"author":1,"featured_media":22516,"comment_status":"open","ping_status":"open","sticky":false,"template":"","format":"standard","meta":{"footnotes":""},"categories":[6],"tags":[],"class_list":["post-22515","post","type-post","status-publish","format-standard","has-post-thumbnail","hentry","category-lajme"],"_links":{"self":[{"href":"https:\/\/new.findnews5.com\/index.php?rest_route=\/wp\/v2\/posts\/22515","targetHints":{"allow":["GET"]}}],"collection":[{"href":"https:\/\/new.findnews5.com\/index.php?rest_route=\/wp\/v2\/posts"}],"about":[{"href":"https:\/\/new.findnews5.com\/index.php?rest_route=\/wp\/v2\/types\/post"}],"author":[{"embeddable":true,"href":"https:\/\/new.findnews5.com\/index.php?rest_route=\/wp\/v2\/users\/1"}],"replies":[{"embeddable":true,"href":"https:\/\/new.findnews5.com\/index.php?rest_route=%2Fwp%2Fv2%2Fcomments&post=22515"}],"version-history":[{"count":0,"href":"https:\/\/new.findnews5.com\/index.php?rest_route=\/wp\/v2\/posts\/22515\/revisions"}],"wp:featuredmedia":[{"embeddable":true,"href":"https:\/\/new.findnews5.com\/index.php?rest_route=\/wp\/v2\/media\/22516"}],"wp:attachment":[{"href":"https:\/\/new.findnews5.com\/index.php?rest_route=%2Fwp%2Fv2%2Fmedia&parent=22515"}],"wp:term":[{"taxonomy":"category","embeddable":true,"href":"https:\/\/new.findnews5.com\/index.php?rest_route=%2Fwp%2Fv2%2Fcategories&post=22515"},{"taxonomy":"post_tag","embeddable":true,"href":"https:\/\/new.findnews5.com\/index.php?rest_route=%2Fwp%2Fv2%2Ftags&post=22515"}],"curies":[{"name":"wp","href":"https:\/\/api.w.org\/{rel}","templated":true}]}}