{"id":22509,"date":"2025-03-09T14:23:14","date_gmt":"2025-03-09T14:23:14","guid":{"rendered":"https:\/\/new.findnews5.com\/?p=22509"},"modified":"2025-03-09T14:23:19","modified_gmt":"2025-03-09T14:23:19","slug":"hoxhe-fadil-musliu-une-i-kam-dy-nena","status":"publish","type":"post","link":"https:\/\/new.findnews5.com\/?p=22509","title":{"rendered":"Hoxhe Fadil Musliu: Une i kam dy nena!"},"content":{"rendered":"<div class=\"78954ae5fa42b68c1393fe3da4998882\" data-index=\"1\" style=\"float: none; margin:0px 0 0px 0; text-align:center;\">\n<div data-type=\"_mgwidget\" data-widget-id=\"1576712\">\r\n<\/div>\r\n<script>(function(w,q){w[q]=w[q]||[];w[q].push([\"_mgc.load\"])})(window,\"_mgq\");\r\n<\/script>\r\n\n<\/div>\n<p>N\u00eb nj\u00eb deklarat\u00eb t\u00eb b\u00ebr\u00eb s\u00eb fundmi, Hoxha Fadil Musliu ka ngjallur nj\u00eb reagim t\u00eb madh n\u00eb publik kur tha: \u201cJam i vetmi Hoxh\u00eb q\u00eb i kam dy nana!\u201d Kjo deklarat\u00eb \u00ebsht\u00eb b\u00ebr\u00eb gjat\u00eb nj\u00eb interviste n\u00eb RTV Pendimi dhe ka krijuar shum\u00eb diskutime dhe spekulime.<\/p>\n<p>Ndon\u00ebse e paqart\u00eb p\u00ebr shum\u00ebk\u00ebnd, Hoxha Musliu shpjegoi se deklarata e tij kishte nj\u00eb kuptim simbolik dhe filozofik. Ai theksoi se \u00e7do individ, pavar\u00ebsisht nga p\u00ebrkat\u00ebsia fetare apo kulturore, duhet t\u00eb ket\u00eb respekt dhe dashuri p\u00ebr t\u00eb gjith\u00eb grat\u00eb q\u00eb kan\u00eb luajtur rol t\u00eb r\u00ebnd\u00ebsish\u00ebm n\u00eb jet\u00ebn e tyre, duke p\u00ebrfshir\u00eb n\u00ebnat biologjike dhe ato shpirt\u00ebrore. Sipas tij, ky mesazh \u00ebsht\u00eb thelb\u00ebsor p\u00ebr t\u00eb promovuar dashurin\u00eb, mir\u00ebkuptimin dhe respektin n\u00eb shoq\u00ebri.<\/p>\n<p>Deklarata e tij ka ngjallur debate t\u00eb shumta n\u00eb rrjetet sociale dhe media, me disa q\u00eb e mb\u00ebshtesin p\u00ebr mesazhin pozitiv q\u00eb ai p\u00ebr\u00e7on dhe t\u00eb tjer\u00eb q\u00eb e kritikojn\u00eb p\u00ebr interpretimin e tij t\u00eb pazakont\u00eb. Nd\u00ebrkoh\u00eb, Hoxha Musliu vazhdon t\u00eb q\u00ebndroj\u00eb pas fjal\u00ebve t\u00eb tij, duke e theksuar r\u00ebnd\u00ebsin\u00eb e dashuris\u00eb dhe respektit p\u00ebr \u00e7do grua q\u00eb ka ndikuar n\u00eb jet\u00ebn e nj\u00eb individi.<\/p>\n<p><iframe loading=\"lazy\" width=\"560\" height=\"315\" src=\"https:\/\/www.youtube.com\/embed\/Uddmw3xawxY?si=6-Bmof-QM3N09ZJV\" title=\"YouTube video player\" frameborder=\"0\" allow=\"accelerometer; autoplay; clipboard-write; encrypted-media; gyroscope; picture-in-picture; web-share\" referrerpolicy=\"strict-origin-when-cross-origin\" allowfullscreen><\/iframe><\/p>\n\n<div style=\"font-size: 0px; height: 0px; line-height: 0px; margin: 0; padding: 0; clear: both;\"><\/div>","protected":false},"excerpt":{"rendered":"<p>N\u00eb nj\u00eb deklarat\u00eb t\u00eb b\u00ebr\u00eb s\u00eb fundmi, Hoxha Fadil Musliu ka ngjallur nj\u00eb reagim t\u00eb madh n\u00eb publik kur tha: \u201cJam i vetmi Hoxh\u00eb q\u00eb i kam&#8230; <\/p>\n","protected":false},"author":1,"featured_media":22510,"comment_status":"open","ping_status":"open","sticky":false,"template":"","format":"standard","meta":{"footnotes":""},"categories":[6],"tags":[],"class_list":["post-22509","post","type-post","status-publish","format-standard","has-post-thumbnail","hentry","category-lajme"],"_links":{"self":[{"href":"https:\/\/new.findnews5.com\/index.php?rest_route=\/wp\/v2\/posts\/22509","targetHints":{"allow":["GET"]}}],"collection":[{"href":"https:\/\/new.findnews5.com\/index.php?rest_route=\/wp\/v2\/posts"}],"about":[{"href":"https:\/\/new.findnews5.com\/index.php?rest_route=\/wp\/v2\/types\/post"}],"author":[{"embeddable":true,"href":"https:\/\/new.findnews5.com\/index.php?rest_route=\/wp\/v2\/users\/1"}],"replies":[{"embeddable":true,"href":"https:\/\/new.findnews5.com\/index.php?rest_route=%2Fwp%2Fv2%2Fcomments&post=22509"}],"version-history":[{"count":0,"href":"https:\/\/new.findnews5.com\/index.php?rest_route=\/wp\/v2\/posts\/22509\/revisions"}],"wp:featuredmedia":[{"embeddable":true,"href":"https:\/\/new.findnews5.com\/index.php?rest_route=\/wp\/v2\/media\/22510"}],"wp:attachment":[{"href":"https:\/\/new.findnews5.com\/index.php?rest_route=%2Fwp%2Fv2%2Fmedia&parent=22509"}],"wp:term":[{"taxonomy":"category","embeddable":true,"href":"https:\/\/new.findnews5.com\/index.php?rest_route=%2Fwp%2Fv2%2Fcategories&post=22509"},{"taxonomy":"post_tag","embeddable":true,"href":"https:\/\/new.findnews5.com\/index.php?rest_route=%2Fwp%2Fv2%2Ftags&post=22509"}],"curies":[{"name":"wp","href":"https:\/\/api.w.org\/{rel}","templated":true}]}}