{"id":22500,"date":"2025-03-09T12:55:02","date_gmt":"2025-03-09T12:55:02","guid":{"rendered":"https:\/\/new.findnews5.com\/?p=22500"},"modified":"2025-03-09T12:55:11","modified_gmt":"2025-03-09T12:55:11","slug":"teuta-krasniqi-dhe-adonisi-ne-krize-cfare-ndodhi-mes-ciftit","status":"publish","type":"post","link":"https:\/\/new.findnews5.com\/?p=22500","title":{"rendered":"Teuta Krasniqi dhe Adonisi n\u00eb kriz\u00eb, \u00e7far\u00eb ndodhi mes \u00e7iftit?"},"content":{"rendered":"<div class=\"78954ae5fa42b68c1393fe3da4998882\" data-index=\"1\" style=\"float: none; margin:0px 0 0px 0; text-align:center;\">\n<div data-type=\"_mgwidget\" data-widget-id=\"1576712\">\r\n<\/div>\r\n<script>(function(w,q){w[q]=w[q]||[];w[q].push([\"_mgc.load\"])})(window,\"_mgq\");\r\n<\/script>\r\n\n<\/div>\n<p>Ka koh\u00eb q\u00eb nuk i kemi par\u00eb s\u00eb bashku. As n\u00eb daljet e tyre, e as n\u00eb rrjete sociale. Burime t\u00eb Prive b\u00ebjn\u00eb t\u00eb ditur se Teuta Krasniqi dhe Adonis Morina, po kalojn\u00eb nj\u00eb kriz\u00eb bashk\u00ebshortore.<\/p>\n<p>Si\u00e7 thon\u00eb z\u00ebrat af\u00ebr \u00e7iftit, kjo kriz\u00eb mes tyre ka disa muaj, por ka arritur q\u00eb t\u00eb mbahet larg syrit t\u00eb publikut. Se a b\u00ebhet fjal\u00eb p\u00ebr di\u00e7ka kalimtare apo kaluese, detajet i kuptoni n\u00eb materialin m\u00eb posht\u00eb!<\/p>\n<p><iframe loading=\"lazy\" width=\"560\" height=\"315\" src=\"https:\/\/www.youtube.com\/embed\/TmthrSLzI_8?si=X9FXGitbxYSA2zbP\" title=\"YouTube video player\" frameborder=\"0\" allow=\"accelerometer; autoplay; clipboard-write; encrypted-media; gyroscope; picture-in-picture; web-share\" referrerpolicy=\"strict-origin-when-cross-origin\" allowfullscreen><\/iframe><\/p>\n\n<div style=\"font-size: 0px; height: 0px; line-height: 0px; margin: 0; padding: 0; clear: both;\"><\/div>","protected":false},"excerpt":{"rendered":"<p>Ka koh\u00eb q\u00eb nuk i kemi par\u00eb s\u00eb bashku. As n\u00eb daljet e tyre, e as n\u00eb rrjete sociale. Burime t\u00eb Prive b\u00ebjn\u00eb t\u00eb ditur se Teuta&#8230; <\/p>\n","protected":false},"author":1,"featured_media":22501,"comment_status":"open","ping_status":"open","sticky":false,"template":"","format":"standard","meta":{"footnotes":""},"categories":[6],"tags":[],"class_list":["post-22500","post","type-post","status-publish","format-standard","has-post-thumbnail","hentry","category-lajme"],"_links":{"self":[{"href":"https:\/\/new.findnews5.com\/index.php?rest_route=\/wp\/v2\/posts\/22500","targetHints":{"allow":["GET"]}}],"collection":[{"href":"https:\/\/new.findnews5.com\/index.php?rest_route=\/wp\/v2\/posts"}],"about":[{"href":"https:\/\/new.findnews5.com\/index.php?rest_route=\/wp\/v2\/types\/post"}],"author":[{"embeddable":true,"href":"https:\/\/new.findnews5.com\/index.php?rest_route=\/wp\/v2\/users\/1"}],"replies":[{"embeddable":true,"href":"https:\/\/new.findnews5.com\/index.php?rest_route=%2Fwp%2Fv2%2Fcomments&post=22500"}],"version-history":[{"count":0,"href":"https:\/\/new.findnews5.com\/index.php?rest_route=\/wp\/v2\/posts\/22500\/revisions"}],"wp:featuredmedia":[{"embeddable":true,"href":"https:\/\/new.findnews5.com\/index.php?rest_route=\/wp\/v2\/media\/22501"}],"wp:attachment":[{"href":"https:\/\/new.findnews5.com\/index.php?rest_route=%2Fwp%2Fv2%2Fmedia&parent=22500"}],"wp:term":[{"taxonomy":"category","embeddable":true,"href":"https:\/\/new.findnews5.com\/index.php?rest_route=%2Fwp%2Fv2%2Fcategories&post=22500"},{"taxonomy":"post_tag","embeddable":true,"href":"https:\/\/new.findnews5.com\/index.php?rest_route=%2Fwp%2Fv2%2Ftags&post=22500"}],"curies":[{"name":"wp","href":"https:\/\/api.w.org\/{rel}","templated":true}]}}