{"id":22495,"date":"2025-03-08T23:31:29","date_gmt":"2025-03-08T23:31:29","guid":{"rendered":"https:\/\/new.findnews5.com\/?p=22495"},"modified":"2025-03-08T23:31:33","modified_gmt":"2025-03-08T23:31:33","slug":"pasi-u-martua-ne-turqi-genta-ismajli-i-kthehet-fese","status":"publish","type":"post","link":"https:\/\/new.findnews5.com\/?p=22495","title":{"rendered":"Pasi u martua n\u00eb Turqi, Genta Ismajli i kthehet fes\u00eb"},"content":{"rendered":"<div class=\"78954ae5fa42b68c1393fe3da4998882\" data-index=\"1\" style=\"float: none; margin:0px 0 0px 0; text-align:center;\">\n<div data-type=\"_mgwidget\" data-widget-id=\"1576712\">\r\n<\/div>\r\n<script>(function(w,q){w[q]=w[q]||[];w[q].push([\"_mgc.load\"])})(window,\"_mgq\");\r\n<\/script>\r\n\n<\/div>\n\n<p><strong>Genta Ismajli \u00ebsht\u00eb e martuar me biznesmenin turk Usta dhe jet e tyre bashk\u00ebshortore duket se ec\u00eb mir\u00eb.<\/strong><\/p>\n\n\n\n<p>Ata kan\u00eb nj\u00eb lidhje prej disa vitesh dhe jan\u00eb b\u00ebr\u00eb prind\u00ebr t\u00eb binjak\u00ebve n\u00eb vitin 2023, shkruan \u201cKosovarja\u201d.<\/p>\n\n\n\n<p>Genta, Usta dhe f\u00ebmij\u00ebt jetojn\u00eb mes Turqis\u00eb dhe Zvicr\u00ebs, nd\u00ebrkaq k\u00ebng\u00ebtarja e ka v\u00ebn\u00eb n\u00eb pauz\u00eb karrier\u00ebn e saj muzikore.<\/p>\n\n\n\n<figure class=\"wp-block-image size-large\"><img loading=\"lazy\" decoding=\"async\" width=\"584\" height=\"1024\" src=\"https:\/\/new.findnews5.com\/wp-content\/uploads\/2025\/03\/image-584x1024.jpg\" alt=\"\" class=\"wp-image-22497\" srcset=\"https:\/\/new.findnews5.com\/wp-content\/uploads\/2025\/03\/image-584x1024.jpg 584w, https:\/\/new.findnews5.com\/wp-content\/uploads\/2025\/03\/image-171x300.jpg 171w, https:\/\/new.findnews5.com\/wp-content\/uploads\/2025\/03\/image-768x1347.jpg 768w, https:\/\/new.findnews5.com\/wp-content\/uploads\/2025\/03\/image-876x1536.jpg 876w, https:\/\/new.findnews5.com\/wp-content\/uploads\/2025\/03\/image.jpg 1168w\" sizes=\"auto, (max-width: 584px) 100vw, 584px\" \/><\/figure>\n\n<div style=\"font-size: 0px; height: 0px; line-height: 0px; margin: 0; padding: 0; clear: both;\"><\/div>","protected":false},"excerpt":{"rendered":"<p>Genta Ismajli \u00ebsht\u00eb e martuar me biznesmenin turk Usta dhe jet e tyre bashk\u00ebshortore duket se ec\u00eb mir\u00eb. Ata kan\u00eb nj\u00eb lidhje prej disa vitesh dhe jan\u00eb&#8230; <\/p>\n","protected":false},"author":1,"featured_media":22496,"comment_status":"open","ping_status":"open","sticky":false,"template":"","format":"standard","meta":{"footnotes":""},"categories":[6],"tags":[],"class_list":["post-22495","post","type-post","status-publish","format-standard","has-post-thumbnail","hentry","category-lajme"],"_links":{"self":[{"href":"https:\/\/new.findnews5.com\/index.php?rest_route=\/wp\/v2\/posts\/22495","targetHints":{"allow":["GET"]}}],"collection":[{"href":"https:\/\/new.findnews5.com\/index.php?rest_route=\/wp\/v2\/posts"}],"about":[{"href":"https:\/\/new.findnews5.com\/index.php?rest_route=\/wp\/v2\/types\/post"}],"author":[{"embeddable":true,"href":"https:\/\/new.findnews5.com\/index.php?rest_route=\/wp\/v2\/users\/1"}],"replies":[{"embeddable":true,"href":"https:\/\/new.findnews5.com\/index.php?rest_route=%2Fwp%2Fv2%2Fcomments&post=22495"}],"version-history":[{"count":0,"href":"https:\/\/new.findnews5.com\/index.php?rest_route=\/wp\/v2\/posts\/22495\/revisions"}],"wp:featuredmedia":[{"embeddable":true,"href":"https:\/\/new.findnews5.com\/index.php?rest_route=\/wp\/v2\/media\/22496"}],"wp:attachment":[{"href":"https:\/\/new.findnews5.com\/index.php?rest_route=%2Fwp%2Fv2%2Fmedia&parent=22495"}],"wp:term":[{"taxonomy":"category","embeddable":true,"href":"https:\/\/new.findnews5.com\/index.php?rest_route=%2Fwp%2Fv2%2Fcategories&post=22495"},{"taxonomy":"post_tag","embeddable":true,"href":"https:\/\/new.findnews5.com\/index.php?rest_route=%2Fwp%2Fv2%2Ftags&post=22495"}],"curies":[{"name":"wp","href":"https:\/\/api.w.org\/{rel}","templated":true}]}}