{"id":22491,"date":"2025-03-08T23:15:43","date_gmt":"2025-03-08T23:15:43","guid":{"rendered":"https:\/\/new.findnews5.com\/?p=22491"},"modified":"2025-03-08T23:15:47","modified_gmt":"2025-03-08T23:15:47","slug":"lajm-i-fundit-berisha-lacivita-e-paralajmeroi-edi-ramen-qe-te-mos","status":"publish","type":"post","link":"https:\/\/new.findnews5.com\/?p=22491","title":{"rendered":"LAJM I FUNDIT\/ Berisha : LaCivita e paralajm\u00ebroi Edi Ram\u00ebn q\u00eb t\u00eb mos\u2026"},"content":{"rendered":"<div class=\"78954ae5fa42b68c1393fe3da4998882\" data-index=\"1\" style=\"float: none; margin:0px 0 0px 0; text-align:center;\">\n<div data-type=\"_mgwidget\" data-widget-id=\"1576712\">\r\n<\/div>\r\n<script>(function(w,q){w[q]=w[q]||[];w[q].push([\"_mgc.load\"])})(window,\"_mgq\");\r\n<\/script>\r\n\n<\/div>\n\n<p>Sali Berisha deklaroi se LaCivita e ka paralajm\u00ebruar Edi Ram\u00ebn p\u00ebr zgjedhjet e 11 majit.<\/p>\n\n\n\n<p>Berisha shtoi se m\u00eb \u201c11 maj\u201d Partia Demokratike do ta p\u00ebrmbys\u00eb qeverin\u00eb, por realiteti \u00ebsht\u00eb krejt i kund\u00ebrt pasi Edi Rama sipas t\u00eb gjitha sondazheve po shkon i sigurt drejt fitores s\u00eb mandatit t\u00eb kat\u00ebrt.<\/p>\n\n\n\n<p><em>\u201c\u00cbsht\u00eb e v\u00ebrtet\u00eb se brenda PS ka nj\u00eb shk\u00ebrmoqje t\u00eb papar\u00eb. Nga ana tjet\u00ebr, Ram\u00ebs i erdhi nj\u00eb paralajm\u00ebrim shum\u00eb i fort\u00eb nga kryetari i Komitetit Komb\u00ebtar Republikan, zoti Chris LaCivita, i cili e paralajm\u00ebroi q\u00eb t\u00eb mos luaj\u00eb me zgjedhjet sepse pasojat do t\u00eb bien mbi t\u00eb. Pra, \u00ebsht\u00eb ky kompleks faktor\u00ebsh. \u00cbsht\u00eb edhe nj\u00eb klim\u00eb si\u00e7 e keni ndjer\u00eb ju n\u00eb diaspor\u00eb, e cila \u00ebsht\u00eb e krahasueshme me vitet 1991-1992 q\u00eb paralajm\u00ebron p\u00ebrmbysjen e pashmangshme t\u00eb diktatur\u00ebs me dat\u00ebn 11 maj\u201d,&nbsp;<\/em>tha Berisha.<\/p>\n\n<div style=\"font-size: 0px; height: 0px; line-height: 0px; margin: 0; padding: 0; clear: both;\"><\/div>","protected":false},"excerpt":{"rendered":"<p>Sali Berisha deklaroi se LaCivita e ka paralajm\u00ebruar Edi Ram\u00ebn p\u00ebr zgjedhjet e 11 majit. Berisha shtoi se m\u00eb \u201c11 maj\u201d Partia Demokratike do ta p\u00ebrmbys\u00eb qeverin\u00eb,&#8230; <\/p>\n","protected":false},"author":1,"featured_media":22492,"comment_status":"open","ping_status":"open","sticky":false,"template":"","format":"standard","meta":{"footnotes":""},"categories":[6],"tags":[],"class_list":["post-22491","post","type-post","status-publish","format-standard","has-post-thumbnail","hentry","category-lajme"],"_links":{"self":[{"href":"https:\/\/new.findnews5.com\/index.php?rest_route=\/wp\/v2\/posts\/22491","targetHints":{"allow":["GET"]}}],"collection":[{"href":"https:\/\/new.findnews5.com\/index.php?rest_route=\/wp\/v2\/posts"}],"about":[{"href":"https:\/\/new.findnews5.com\/index.php?rest_route=\/wp\/v2\/types\/post"}],"author":[{"embeddable":true,"href":"https:\/\/new.findnews5.com\/index.php?rest_route=\/wp\/v2\/users\/1"}],"replies":[{"embeddable":true,"href":"https:\/\/new.findnews5.com\/index.php?rest_route=%2Fwp%2Fv2%2Fcomments&post=22491"}],"version-history":[{"count":0,"href":"https:\/\/new.findnews5.com\/index.php?rest_route=\/wp\/v2\/posts\/22491\/revisions"}],"wp:featuredmedia":[{"embeddable":true,"href":"https:\/\/new.findnews5.com\/index.php?rest_route=\/wp\/v2\/media\/22492"}],"wp:attachment":[{"href":"https:\/\/new.findnews5.com\/index.php?rest_route=%2Fwp%2Fv2%2Fmedia&parent=22491"}],"wp:term":[{"taxonomy":"category","embeddable":true,"href":"https:\/\/new.findnews5.com\/index.php?rest_route=%2Fwp%2Fv2%2Fcategories&post=22491"},{"taxonomy":"post_tag","embeddable":true,"href":"https:\/\/new.findnews5.com\/index.php?rest_route=%2Fwp%2Fv2%2Ftags&post=22491"}],"curies":[{"name":"wp","href":"https:\/\/api.w.org\/{rel}","templated":true}]}}