{"id":22481,"date":"2025-03-08T22:51:20","date_gmt":"2025-03-08T22:51:20","guid":{"rendered":"https:\/\/new.findnews5.com\/?p=22481"},"modified":"2025-03-08T22:51:27","modified_gmt":"2025-03-08T22:51:27","slug":"telefonata-qe-nuk-u-realizua-kurre-djali-i-hamez-jasharit-kujton-grate-e-familjes-jashari-ne-diten-e-gruas","status":"publish","type":"post","link":"https:\/\/new.findnews5.com\/?p=22481","title":{"rendered":"\u201cTelefonata q\u00eb nuk u realizua kurr\u00eb\u201d \u2013 Djali i Ham\u00ebz Jasharit kujton grat\u00eb e familjes Jashari n\u00eb Dit\u00ebn e Gruas"},"content":{"rendered":"<div class=\"78954ae5fa42b68c1393fe3da4998882\" data-index=\"1\" style=\"float: none; margin:0px 0 0px 0; text-align:center;\">\n<div data-type=\"_mgwidget\" data-widget-id=\"1576712\">\r\n<\/div>\r\n<script>(function(w,q){w[q]=w[q]||[];w[q].push([\"_mgc.load\"])})(window,\"_mgq\");\r\n<\/script>\r\n\n<\/div>\n\n<p>&#8220;Thirrja telefonike q\u00eb nuk u realizua kurr\u00eb<\/p>\n\n\n\n<p>Tre <a><\/a>dit\u00eb radhazi, m\u00eb 5, 6 dhe 7 mars 1998, u munduam shum\u00eb q\u00eb t\u00eb lidhemi me familjen ton\u00eb n\u00eb Prekaz. Telefoni nuk u hap asnj\u00ebher\u00eb. Heshtja ishte e r\u00ebnd\u00eb, por askush prej nesh nuk mundi ta imagjinonte at\u00eb q\u00eb po ndodhte n\u00eb t\u00eb v\u00ebrtet\u00eb.<\/p>\n\n\n\n<p>M\u00eb 8 mars, n\u00eb vend q\u00eb t\u00eb d\u00ebrgonim urimet tona p\u00ebr n\u00ebn\u00ebn Zahide, n\u00ebn\u00ebn Feride, Adilen, Zarif\u00ebn dhe vajzat e familjes son\u00eb, mor\u00ebm lajmin q\u00eb na theu shpirtin por na e rriti krenarin\u00eb, r\u00ebnien e tyre heroike.<\/p>\n\n\n\n<p>Ato nuk ishin thjesht n\u00ebnat, grat\u00eb dhe motrat e familjes son\u00eb. Ato ishin shtylla q\u00eb e mbanin sht\u00ebpin\u00eb t\u00eb fort\u00eb, edukonin f\u00ebmij\u00ebt me dashurin\u00eb p\u00ebr atdheun dhe q\u00ebndronin gjithmon\u00eb krah p\u00ebr krah me bab\u00ebn Shaban, balin Adem dhe babushin Hamz\u00ebn.<\/p>\n\n\n\n<p>Nuk ishin vet\u00ebm mb\u00ebshtet\u00ebse, ishin luft\u00ebtare. Gjat\u00eb sulmeve mbi familjen ton\u00eb dhe n\u00eb dit\u00ebt e Epopes\u00eb, ato ndihmuan me armatim, refuzuan t\u00eb ndaheshin nga lufta dhe q\u00ebndruan deri n\u00eb frym\u00ebn e fundit, me guxim af\u00ebr burrave.<\/p>\n\n\n\n<p>P\u00ebr t\u00eb d\u00ebshmuar heroizmin dhe vendosm\u00ebrin\u00eb e tyre, Zoti la gjall\u00eb motr\u00ebn time, Besart\u00ebn. Ajo \u00ebsht\u00eb d\u00ebshmitare e asaj q\u00eb ndodhi dhe amaneti i i atyre q\u00eb zgjodh\u00ebn lirin\u00eb p\u00ebrpara jet\u00ebs.<\/p>\n\n\n\n<p>Gra t\u00eb tilla kishte anek\u00ebnd Kosov\u00ebs, dhe ato jan\u00eb po aq meritore p\u00ebr \u00e7lirimin e Kosov\u00ebs sa edhe burrat q\u00eb mbajt\u00ebn pushk\u00ebn n\u00eb krah.<\/p>\n\n\n\n<p>Sot, n\u00eb Dit\u00ebn e Gruas, dua t\u00eb uroj me gjith\u00eb shpirt motr\u00ebn time, Besart\u00ebn, t\u00eb vetmen q\u00eb m\u00eb ka mbetur nga babushi dhe n\u00ebna.<\/p>\n\n\n\n<p>Dua t\u00eb uroj edhe gruan time, e cila me p\u00ebrkushtim e vazhdon tradit\u00ebn e n\u00ebnave tona, duke rritur dhe edukuar f\u00ebmij\u00ebt me t\u00eb nj\u00ebjtat vlera q\u00eb na m\u00ebsuan n\u00ebna Zahide dhe n\u00ebna Feride.<\/p>\n\n\n\n<p>Lavdi grave t\u00eb familjes son\u00eb!<\/p>\n\n\n\n<p>Lavdi grave t\u00eb Kosov\u00ebs q\u00eb u b\u00ebn\u00eb drit\u00eb n\u00eb err\u00ebsir\u00ebn e luft\u00ebs dhe q\u00ebndruan t\u00eb pathyeshme deri n\u00eb \u00e7lirim.&#8221;<\/p>\n\n<div style=\"font-size: 0px; height: 0px; line-height: 0px; margin: 0; padding: 0; clear: both;\"><\/div>","protected":false},"excerpt":{"rendered":"<p>&#8220;Thirrja telefonike q\u00eb nuk u realizua kurr\u00eb Tre dit\u00eb radhazi, m\u00eb 5, 6 dhe 7 mars 1998, u munduam shum\u00eb q\u00eb t\u00eb lidhemi me familjen ton\u00eb n\u00eb&#8230; <\/p>\n","protected":false},"author":1,"featured_media":22482,"comment_status":"open","ping_status":"open","sticky":false,"template":"","format":"standard","meta":{"footnotes":""},"categories":[6],"tags":[],"class_list":["post-22481","post","type-post","status-publish","format-standard","has-post-thumbnail","hentry","category-lajme"],"_links":{"self":[{"href":"https:\/\/new.findnews5.com\/index.php?rest_route=\/wp\/v2\/posts\/22481","targetHints":{"allow":["GET"]}}],"collection":[{"href":"https:\/\/new.findnews5.com\/index.php?rest_route=\/wp\/v2\/posts"}],"about":[{"href":"https:\/\/new.findnews5.com\/index.php?rest_route=\/wp\/v2\/types\/post"}],"author":[{"embeddable":true,"href":"https:\/\/new.findnews5.com\/index.php?rest_route=\/wp\/v2\/users\/1"}],"replies":[{"embeddable":true,"href":"https:\/\/new.findnews5.com\/index.php?rest_route=%2Fwp%2Fv2%2Fcomments&post=22481"}],"version-history":[{"count":0,"href":"https:\/\/new.findnews5.com\/index.php?rest_route=\/wp\/v2\/posts\/22481\/revisions"}],"wp:featuredmedia":[{"embeddable":true,"href":"https:\/\/new.findnews5.com\/index.php?rest_route=\/wp\/v2\/media\/22482"}],"wp:attachment":[{"href":"https:\/\/new.findnews5.com\/index.php?rest_route=%2Fwp%2Fv2%2Fmedia&parent=22481"}],"wp:term":[{"taxonomy":"category","embeddable":true,"href":"https:\/\/new.findnews5.com\/index.php?rest_route=%2Fwp%2Fv2%2Fcategories&post=22481"},{"taxonomy":"post_tag","embeddable":true,"href":"https:\/\/new.findnews5.com\/index.php?rest_route=%2Fwp%2Fv2%2Ftags&post=22481"}],"curies":[{"name":"wp","href":"https:\/\/api.w.org\/{rel}","templated":true}]}}