{"id":22474,"date":"2025-02-27T19:37:38","date_gmt":"2025-02-27T19:37:38","guid":{"rendered":"https:\/\/new.findnews5.com\/?p=22474"},"modified":"2025-02-27T19:37:40","modified_gmt":"2025-02-27T19:37:40","slug":"zbulohet-detyra-e-re-qe-i-eshte-caktuar-yuri-kimit-ne-administraten-e-trump","status":"publish","type":"post","link":"https:\/\/new.findnews5.com\/?p=22474","title":{"rendered":"Zbulohet \u201cdetyra e re\u201d q\u00eb i \u00ebsht\u00eb caktuar Yuri Kimit n\u00eb administrat\u00ebn e Trump"},"content":{"rendered":"<div class=\"78954ae5fa42b68c1393fe3da4998882\" data-index=\"1\" style=\"float: none; margin:0px 0 0px 0; text-align:center;\">\n<div data-type=\"_mgwidget\" data-widget-id=\"1576712\">\r\n<\/div>\r\n<script>(function(w,q){w[q]=w[q]||[];w[q].push([\"_mgc.load\"])})(window,\"_mgq\");\r\n<\/script>\r\n\n<\/div>\n\n<p>Ish-ambasadorja e SHBA n\u00eb Tiran\u00eb, Yuri Kim i \u00ebsht\u00eb caktuar detyra nj\u00eb \u201crol i ri\u201d nga Administrata Trump.<\/p>\n\n\n\n<p>Yuri Kimit i \u00ebsht\u00eb caktuar detyra p\u00ebr p\u00ebrpilimin e nj\u00eb liste t\u00eb re p\u00ebrjashtimesh p\u00ebr ngrirjen e ndihm\u00ebs s\u00eb huaj n\u00eb Ukrain\u00eb. Kjo nj\u00ebsi drejtohet nga Pete Marocco, nj\u00eb aleat i Trump dhe skeptik p\u00ebr ndihm\u00ebn e huaj, i cili ka marr\u00eb nj\u00eb rol udh\u00ebheq\u00ebs n\u00eb \u00e7montimin e USAID-it.<\/p>\n\n\n\n<p>Nj\u00eb proces i ngadalt\u00eb burokratik ka l\u00ebn\u00eb t\u00eb ngrir\u00eb shum\u00eb programe, drejtuesit e t\u00eb cil\u00ebve besojn\u00eb se kan\u00eb t\u00eb drejt\u00eb p\u00ebr heqje dor\u00eb. Shum\u00eb grupe anemban\u00eb bot\u00ebs p\u00ebrfshir\u00eb Ukrain\u00ebn nuk kan\u00eb qen\u00eb n\u00eb gjendje t\u00eb rivendosin fondet e tyre ose madje t\u00eb kuptojn\u00eb se k\u00eb t\u00eb kontaktojn\u00eb n\u00eb USAID p\u00ebr nj\u00eb heqje dor\u00eb.<\/p>\n\n\n\n<p>Kujtojm\u00eb q\u00eb Sali Berisha e ka cil\u00ebsuar si armike Yuri Kimin e cila n\u00eb realitet \u00ebsht\u00eb nj\u00eb mike e af\u00ebrt me Donald Trumpin.<\/p>\n\n<div style=\"font-size: 0px; height: 0px; line-height: 0px; margin: 0; padding: 0; clear: both;\"><\/div>","protected":false},"excerpt":{"rendered":"<p>Ish-ambasadorja e SHBA n\u00eb Tiran\u00eb, Yuri Kim i \u00ebsht\u00eb caktuar detyra nj\u00eb \u201crol i ri\u201d nga Administrata Trump. Yuri Kimit i \u00ebsht\u00eb caktuar detyra p\u00ebr p\u00ebrpilimin e&#8230; <\/p>\n","protected":false},"author":1,"featured_media":22475,"comment_status":"open","ping_status":"open","sticky":false,"template":"","format":"standard","meta":{"footnotes":""},"categories":[6],"tags":[],"class_list":["post-22474","post","type-post","status-publish","format-standard","has-post-thumbnail","hentry","category-lajme"],"_links":{"self":[{"href":"https:\/\/new.findnews5.com\/index.php?rest_route=\/wp\/v2\/posts\/22474","targetHints":{"allow":["GET"]}}],"collection":[{"href":"https:\/\/new.findnews5.com\/index.php?rest_route=\/wp\/v2\/posts"}],"about":[{"href":"https:\/\/new.findnews5.com\/index.php?rest_route=\/wp\/v2\/types\/post"}],"author":[{"embeddable":true,"href":"https:\/\/new.findnews5.com\/index.php?rest_route=\/wp\/v2\/users\/1"}],"replies":[{"embeddable":true,"href":"https:\/\/new.findnews5.com\/index.php?rest_route=%2Fwp%2Fv2%2Fcomments&post=22474"}],"version-history":[{"count":0,"href":"https:\/\/new.findnews5.com\/index.php?rest_route=\/wp\/v2\/posts\/22474\/revisions"}],"wp:featuredmedia":[{"embeddable":true,"href":"https:\/\/new.findnews5.com\/index.php?rest_route=\/wp\/v2\/media\/22475"}],"wp:attachment":[{"href":"https:\/\/new.findnews5.com\/index.php?rest_route=%2Fwp%2Fv2%2Fmedia&parent=22474"}],"wp:term":[{"taxonomy":"category","embeddable":true,"href":"https:\/\/new.findnews5.com\/index.php?rest_route=%2Fwp%2Fv2%2Fcategories&post=22474"},{"taxonomy":"post_tag","embeddable":true,"href":"https:\/\/new.findnews5.com\/index.php?rest_route=%2Fwp%2Fv2%2Ftags&post=22474"}],"curies":[{"name":"wp","href":"https:\/\/api.w.org\/{rel}","templated":true}]}}