{"id":22468,"date":"2025-02-27T19:31:02","date_gmt":"2025-02-27T19:31:02","guid":{"rendered":"https:\/\/new.findnews5.com\/?p=22468"},"modified":"2025-02-27T19:31:04","modified_gmt":"2025-02-27T19:31:04","slug":"edhe-ramabaja-i-thote-po-koalicionit-lvv-nisma-larteson-limajn-largpames-e-idealist","status":"publish","type":"post","link":"https:\/\/new.findnews5.com\/?p=22468","title":{"rendered":"Edhe Ramabaja i thot\u00eb \u201cpo\u201d koalicionit LVV \u2013 Nisma, lart\u00ebson Limajn: Largpam\u00ebs e idealist"},"content":{"rendered":"<div class=\"78954ae5fa42b68c1393fe3da4998882\" data-index=\"1\" style=\"float: none; margin:0px 0 0px 0; text-align:center;\">\n<div data-type=\"_mgwidget\" data-widget-id=\"1576712\">\r\n<\/div>\r\n<script>(function(w,q){w[q]=w[q]||[];w[q].push([\"_mgc.load\"])})(window,\"_mgq\");\r\n<\/script>\r\n\n<\/div>\n\n<p>Eksponatit t\u00eb VV-s\u00eb, Sadri Ramabaj, duket se i ka p\u00eblqyer shum\u00eb gatishm\u00ebria e Fatmir Limajt p\u00ebr t\u00eb bashk\u00ebpunuar me VV-n\u00eb rreth formimit t\u00eb institucioneve t\u00eb reja.<\/p>\n\n\n\n<p>Duke harruar kritikat e ashpra q\u00eb dikur VV-ja kishte p\u00ebr Limajn, ai ka lart\u00ebsuar kryetarin e Nism\u00ebs.<\/p>\n\n\n\n<p>N\u00eb profilin e tij n\u00eb \u201cFacebook\u201d, Ramabaja ka shkruar se q\u00ebndrimi i Limajt \u00ebsht\u00eb largpam\u00ebs.<\/p>\n\n\n\n<p>\u201cKrijimi i p\u00ebrshpejtuar i Qeveris\u00eb Kurti III, natyrisht fal\u00eb edhe pozicionimit t\u00eb maturuar politik, largvajt\u00ebs e tejet t\u00eb urt\u00eb t\u00eb idealist\u00ebve si Fatmir Limaj, na e krijon mund\u00ebsin\u00eb reale q\u00eb t\u00eb p\u00ebrballemi me koh\u00eb me kolon\u00ebn e pest\u00eb. Duhet ta rikujtoj faktin se Kolona e pest\u00eb ka koh\u00eb q\u00eb ka punuar p\u00ebr krijimin e kaosit politik. Aktakuza e ngritur ndaj dy spiun\u00ebve q\u00eb punonin n\u00eb logari t\u00eb Serbis\u00eb, \u00ebsht\u00eb vet\u00ebm maja e Ajzbergut. Forcimi dhe selitja e marr\u00ebdh\u00ebnieve, sidomos n\u00eb rrafshin e siguris\u00eb e mbrojtjes, me aleat\u00ebt tan\u00eb perendimor [tok me b\u00ebrtham\u00ebn e shteteve q\u00eb po vihen n\u00eb dipozicion t\u00eb mbrojtjes s\u00eb Ukrain\u00ebs, rrjedhimisht edhe t\u00eb Ballkanit], do t&#8217;i hap\u00eb rrug\u00eb shnd\u00ebrrimit t\u00eb Republik\u00ebs n\u00eb nj\u00eb k\u00ebshtjell\u00eb q\u00eb do t\u00eb vihet n\u00eb funksion t\u00eb mbrojtjes s\u00eb interesave t\u00eb Kombit. [Frgment]\u201d, ka shkruar Ramabaj.<\/p>\n\n<div style=\"font-size: 0px; height: 0px; line-height: 0px; margin: 0; padding: 0; clear: both;\"><\/div>","protected":false},"excerpt":{"rendered":"<p>Eksponatit t\u00eb VV-s\u00eb, Sadri Ramabaj, duket se i ka p\u00eblqyer shum\u00eb gatishm\u00ebria e Fatmir Limajt p\u00ebr t\u00eb bashk\u00ebpunuar me VV-n\u00eb rreth formimit t\u00eb institucioneve t\u00eb reja. Duke&#8230; <\/p>\n","protected":false},"author":1,"featured_media":22469,"comment_status":"open","ping_status":"open","sticky":false,"template":"","format":"standard","meta":{"footnotes":""},"categories":[6],"tags":[],"class_list":["post-22468","post","type-post","status-publish","format-standard","has-post-thumbnail","hentry","category-lajme"],"_links":{"self":[{"href":"https:\/\/new.findnews5.com\/index.php?rest_route=\/wp\/v2\/posts\/22468","targetHints":{"allow":["GET"]}}],"collection":[{"href":"https:\/\/new.findnews5.com\/index.php?rest_route=\/wp\/v2\/posts"}],"about":[{"href":"https:\/\/new.findnews5.com\/index.php?rest_route=\/wp\/v2\/types\/post"}],"author":[{"embeddable":true,"href":"https:\/\/new.findnews5.com\/index.php?rest_route=\/wp\/v2\/users\/1"}],"replies":[{"embeddable":true,"href":"https:\/\/new.findnews5.com\/index.php?rest_route=%2Fwp%2Fv2%2Fcomments&post=22468"}],"version-history":[{"count":0,"href":"https:\/\/new.findnews5.com\/index.php?rest_route=\/wp\/v2\/posts\/22468\/revisions"}],"wp:featuredmedia":[{"embeddable":true,"href":"https:\/\/new.findnews5.com\/index.php?rest_route=\/wp\/v2\/media\/22469"}],"wp:attachment":[{"href":"https:\/\/new.findnews5.com\/index.php?rest_route=%2Fwp%2Fv2%2Fmedia&parent=22468"}],"wp:term":[{"taxonomy":"category","embeddable":true,"href":"https:\/\/new.findnews5.com\/index.php?rest_route=%2Fwp%2Fv2%2Fcategories&post=22468"},{"taxonomy":"post_tag","embeddable":true,"href":"https:\/\/new.findnews5.com\/index.php?rest_route=%2Fwp%2Fv2%2Ftags&post=22468"}],"curies":[{"name":"wp","href":"https:\/\/api.w.org\/{rel}","templated":true}]}}