{"id":22450,"date":"2025-02-26T12:31:35","date_gmt":"2025-02-26T12:31:35","guid":{"rendered":"https:\/\/new.findnews5.com\/?p=22450"},"modified":"2025-02-26T12:31:37","modified_gmt":"2025-02-26T12:31:37","slug":"analisti-rama-ngriti-10-mije-flamuj-ne-mes-te-athines-berisha-uli-breket","status":"publish","type":"post","link":"https:\/\/new.findnews5.com\/?p=22450","title":{"rendered":"Analisti: Rama ngriti 10 mij\u00eb flamuj n\u00eb mes t\u00eb Athin\u00ebs, Berisha uli brek\u00ebt!"},"content":{"rendered":"<div class=\"78954ae5fa42b68c1393fe3da4998882\" data-index=\"1\" style=\"float: none; margin:0px 0 0px 0; text-align:center;\">\n<div data-type=\"_mgwidget\" data-widget-id=\"1576712\">\r\n<\/div>\r\n<script>(function(w,q){w[q]=w[q]||[];w[q].push([\"_mgc.load\"])})(window,\"_mgq\");\r\n<\/script>\r\n\n<\/div>\n\n<p>Analisti Ilir Demalia foli p\u00ebr takimin e Sali Berish\u00ebs me shqiptar\u00ebt e Athin\u00ebs, nd\u00ebrsa krahason me takimin e kryeministrin Rama, n\u00eb 2024-\u00ebn.<\/p>\n\n\n\n<p>Demalia thot\u00eb se asnj\u00eb lider nuk e ka b\u00ebr\u00eb at\u00eb q\u00eb u b\u00ebri Rama, grek\u00ebve, q\u00eb ngriti 10 mij\u00eb flamuj shqiptar\u00eb n\u00eb mes t\u00eb Athin\u00ebs.<\/p>\n\n\n\n<p>\u201cAt\u00eb q\u00eb i b\u00ebri Rama grek\u00ebve, nuk e ka b\u00ebr\u00eb asnj\u00eb lider n\u00eb historin\u00eb e Shqip\u00ebris\u00eb. I shkoi n\u00eb mes t\u00eb Athin\u00ebs, ia plasi bomb\u00ebn midis Athin\u00ebs. Ngriti 10 mij\u00eb flamur\u00eb shqiptar\u00eb aty n\u00eb at\u00eb pallat sporti. Berisha le t\u00eb thot\u00eb ca t\u00eb doj\u00eb. Ai nuk kishte asnj\u00eb flamur shqiptar n\u00eb Greqi. I hoqi dhe brek\u00ebt, i uli n\u00eb fund t\u00eb k\u00ebmb\u00ebve. Por turpi \u00ebsht\u00eb i medias q\u00eb merret me nj\u00eb njeri si Berisha\u201d, thot\u00eb Demalia p\u00ebr Dritare TV.<\/p>\n\n<div style=\"font-size: 0px; height: 0px; line-height: 0px; margin: 0; padding: 0; clear: both;\"><\/div>","protected":false},"excerpt":{"rendered":"<p>Analisti Ilir Demalia foli p\u00ebr takimin e Sali Berish\u00ebs me shqiptar\u00ebt e Athin\u00ebs, nd\u00ebrsa krahason me takimin e kryeministrin Rama, n\u00eb 2024-\u00ebn. Demalia thot\u00eb se asnj\u00eb lider&#8230; <\/p>\n","protected":false},"author":1,"featured_media":22451,"comment_status":"open","ping_status":"open","sticky":false,"template":"","format":"standard","meta":{"footnotes":""},"categories":[6],"tags":[],"class_list":["post-22450","post","type-post","status-publish","format-standard","has-post-thumbnail","hentry","category-lajme"],"_links":{"self":[{"href":"https:\/\/new.findnews5.com\/index.php?rest_route=\/wp\/v2\/posts\/22450","targetHints":{"allow":["GET"]}}],"collection":[{"href":"https:\/\/new.findnews5.com\/index.php?rest_route=\/wp\/v2\/posts"}],"about":[{"href":"https:\/\/new.findnews5.com\/index.php?rest_route=\/wp\/v2\/types\/post"}],"author":[{"embeddable":true,"href":"https:\/\/new.findnews5.com\/index.php?rest_route=\/wp\/v2\/users\/1"}],"replies":[{"embeddable":true,"href":"https:\/\/new.findnews5.com\/index.php?rest_route=%2Fwp%2Fv2%2Fcomments&post=22450"}],"version-history":[{"count":0,"href":"https:\/\/new.findnews5.com\/index.php?rest_route=\/wp\/v2\/posts\/22450\/revisions"}],"wp:featuredmedia":[{"embeddable":true,"href":"https:\/\/new.findnews5.com\/index.php?rest_route=\/wp\/v2\/media\/22451"}],"wp:attachment":[{"href":"https:\/\/new.findnews5.com\/index.php?rest_route=%2Fwp%2Fv2%2Fmedia&parent=22450"}],"wp:term":[{"taxonomy":"category","embeddable":true,"href":"https:\/\/new.findnews5.com\/index.php?rest_route=%2Fwp%2Fv2%2Fcategories&post=22450"},{"taxonomy":"post_tag","embeddable":true,"href":"https:\/\/new.findnews5.com\/index.php?rest_route=%2Fwp%2Fv2%2Ftags&post=22450"}],"curies":[{"name":"wp","href":"https:\/\/api.w.org\/{rel}","templated":true}]}}