{"id":22444,"date":"2025-02-26T12:07:38","date_gmt":"2025-02-26T12:07:38","guid":{"rendered":"https:\/\/new.findnews5.com\/?p=22444"},"modified":"2025-02-26T12:07:40","modified_gmt":"2025-02-26T12:07:40","slug":"tome-gashi-per-albin-kurtin-me-pas-qene-kryeminister-nga-2008-sa-here-deri-tash-ia-kish-ba-mat-serbise","status":"publish","type":"post","link":"https:\/\/new.findnews5.com\/?p=22444","title":{"rendered":"Tom\u00eb Gashi p\u00ebr Albin Kurtin: Me pas qen\u00eb kryeminist\u00ebr nga 2008, sa her\u00eb deri tash ia kish ba mat Serbis\u00eb!"},"content":{"rendered":"<div class=\"78954ae5fa42b68c1393fe3da4998882\" data-index=\"1\" style=\"float: none; margin:0px 0 0px 0; text-align:center;\">\n<div data-type=\"_mgwidget\" data-widget-id=\"1576712\">\r\n<\/div>\r\n<script>(function(w,q){w[q]=w[q]||[];w[q].push([\"_mgc.load\"])})(window,\"_mgq\");\r\n<\/script>\r\n\n<\/div>\n\n<p>Tom\u00eb Gashi ka shprehur mb\u00ebshtetjen e tij t\u00eb fort\u00eb p\u00ebr Albin Kurtin, duke theksuar se n\u00ebse Kurti do t\u00eb kishte qen\u00eb kryeminist\u00ebr q\u00eb nga viti 2008, ai do t\u00eb kishte arritur t\u00eb sfidonte Serbin\u00eb n\u00eb shum\u00eb raste.<\/p>\n\n\n\n<p> Gashi e p\u00ebrshkruan Kurtin si nj\u00eb lider t\u00eb vendosur dhe t\u00eb aft\u00eb p\u00ebr t\u00eb mbrojtur interesat e Kosov\u00ebs n\u00eb aren\u00ebn nd\u00ebrkomb\u00ebtare. Ai beson se Kurti ka potencialin p\u00ebr t\u00eb b\u00ebr\u00eb ndryshime t\u00eb r\u00ebnd\u00ebsishme dhe p\u00ebr t\u00eb forcuar pozicionin e Kosov\u00ebs n\u00eb rajon.<\/p>\n\n<div style=\"font-size: 0px; height: 0px; line-height: 0px; margin: 0; padding: 0; clear: both;\"><\/div>","protected":false},"excerpt":{"rendered":"<p>Tom\u00eb Gashi ka shprehur mb\u00ebshtetjen e tij t\u00eb fort\u00eb p\u00ebr Albin Kurtin, duke theksuar se n\u00ebse Kurti do t\u00eb kishte qen\u00eb kryeminist\u00ebr q\u00eb nga viti 2008, ai&#8230; <\/p>\n","protected":false},"author":1,"featured_media":22445,"comment_status":"open","ping_status":"open","sticky":false,"template":"","format":"standard","meta":{"footnotes":""},"categories":[6],"tags":[],"class_list":["post-22444","post","type-post","status-publish","format-standard","has-post-thumbnail","hentry","category-lajme"],"_links":{"self":[{"href":"https:\/\/new.findnews5.com\/index.php?rest_route=\/wp\/v2\/posts\/22444","targetHints":{"allow":["GET"]}}],"collection":[{"href":"https:\/\/new.findnews5.com\/index.php?rest_route=\/wp\/v2\/posts"}],"about":[{"href":"https:\/\/new.findnews5.com\/index.php?rest_route=\/wp\/v2\/types\/post"}],"author":[{"embeddable":true,"href":"https:\/\/new.findnews5.com\/index.php?rest_route=\/wp\/v2\/users\/1"}],"replies":[{"embeddable":true,"href":"https:\/\/new.findnews5.com\/index.php?rest_route=%2Fwp%2Fv2%2Fcomments&post=22444"}],"version-history":[{"count":0,"href":"https:\/\/new.findnews5.com\/index.php?rest_route=\/wp\/v2\/posts\/22444\/revisions"}],"wp:featuredmedia":[{"embeddable":true,"href":"https:\/\/new.findnews5.com\/index.php?rest_route=\/wp\/v2\/media\/22445"}],"wp:attachment":[{"href":"https:\/\/new.findnews5.com\/index.php?rest_route=%2Fwp%2Fv2%2Fmedia&parent=22444"}],"wp:term":[{"taxonomy":"category","embeddable":true,"href":"https:\/\/new.findnews5.com\/index.php?rest_route=%2Fwp%2Fv2%2Fcategories&post=22444"},{"taxonomy":"post_tag","embeddable":true,"href":"https:\/\/new.findnews5.com\/index.php?rest_route=%2Fwp%2Fv2%2Ftags&post=22444"}],"curies":[{"name":"wp","href":"https:\/\/api.w.org\/{rel}","templated":true}]}}