{"id":22441,"date":"2025-02-26T12:03:13","date_gmt":"2025-02-26T12:03:13","guid":{"rendered":"https:\/\/new.findnews5.com\/?p=22441"},"modified":"2025-02-26T12:03:15","modified_gmt":"2025-02-26T12:03:15","slug":"ky-eshte-e-keqja-haradinaj-si-ckapet-goditjeve-ndaj-kurtit","status":"publish","type":"post","link":"https:\/\/new.findnews5.com\/?p=22441","title":{"rendered":"\u201cKy \u00ebsht\u00eb e keqja\u201d, Haradinaj s\u2019i \u201c\u00e7\u2019kapet\u201d goditjeve ndaj Kurtit"},"content":{"rendered":"<div class=\"78954ae5fa42b68c1393fe3da4998882\" data-index=\"1\" style=\"float: none; margin:0px 0 0px 0; text-align:center;\">\n<div data-type=\"_mgwidget\" data-widget-id=\"1576712\">\r\n<\/div>\r\n<script>(function(w,q){w[q]=w[q]||[];w[q].push([\"_mgc.load\"])})(window,\"_mgq\");\r\n<\/script>\r\n\n<\/div>\n\n<p>Ramush Haradinaj ka kritikuar ashp\u00ebr Albin Kurtin, duke e akuzuar p\u00ebr sjelljen e Asociacionit m\u00eb t\u00eb keq t\u00eb mundsh\u00ebm dhe vendosjen e Kosov\u00ebs n\u00ebn sanksione.<\/p>\n\n\n\n<p> Sipas Haradinajt, Kurti ka dob\u00ebsuar biznesin dhe sektorin privat, ka rritur var\u00ebsin\u00eb nga importi i energjis\u00eb dhe ka p\u00ebr\u00e7au shqiptar\u00ebt n\u00eb Kosov\u00eb dhe diaspor\u00eb. Ai gjithashtu ka theksuar se Kurti ka l\u00ebn\u00eb veteran\u00ebt e U\u00c7K-s\u00eb jasht\u00eb pag\u00ebs minimale me ndihm\u00ebn e List\u00ebs Serbe.<\/p>\n\n\n\n<p> Haradinaj e p\u00ebrshkruan Kurtin si &#8220;e keqja&#8221; e vendit.<\/p>\n\n<div style=\"font-size: 0px; height: 0px; line-height: 0px; margin: 0; padding: 0; clear: both;\"><\/div>","protected":false},"excerpt":{"rendered":"<p>Ramush Haradinaj ka kritikuar ashp\u00ebr Albin Kurtin, duke e akuzuar p\u00ebr sjelljen e Asociacionit m\u00eb t\u00eb keq t\u00eb mundsh\u00ebm dhe vendosjen e Kosov\u00ebs n\u00ebn sanksione. Sipas Haradinajt,&#8230; <\/p>\n","protected":false},"author":1,"featured_media":22442,"comment_status":"open","ping_status":"open","sticky":false,"template":"","format":"standard","meta":{"footnotes":""},"categories":[6],"tags":[],"class_list":["post-22441","post","type-post","status-publish","format-standard","has-post-thumbnail","hentry","category-lajme"],"_links":{"self":[{"href":"https:\/\/new.findnews5.com\/index.php?rest_route=\/wp\/v2\/posts\/22441","targetHints":{"allow":["GET"]}}],"collection":[{"href":"https:\/\/new.findnews5.com\/index.php?rest_route=\/wp\/v2\/posts"}],"about":[{"href":"https:\/\/new.findnews5.com\/index.php?rest_route=\/wp\/v2\/types\/post"}],"author":[{"embeddable":true,"href":"https:\/\/new.findnews5.com\/index.php?rest_route=\/wp\/v2\/users\/1"}],"replies":[{"embeddable":true,"href":"https:\/\/new.findnews5.com\/index.php?rest_route=%2Fwp%2Fv2%2Fcomments&post=22441"}],"version-history":[{"count":0,"href":"https:\/\/new.findnews5.com\/index.php?rest_route=\/wp\/v2\/posts\/22441\/revisions"}],"wp:featuredmedia":[{"embeddable":true,"href":"https:\/\/new.findnews5.com\/index.php?rest_route=\/wp\/v2\/media\/22442"}],"wp:attachment":[{"href":"https:\/\/new.findnews5.com\/index.php?rest_route=%2Fwp%2Fv2%2Fmedia&parent=22441"}],"wp:term":[{"taxonomy":"category","embeddable":true,"href":"https:\/\/new.findnews5.com\/index.php?rest_route=%2Fwp%2Fv2%2Fcategories&post=22441"},{"taxonomy":"post_tag","embeddable":true,"href":"https:\/\/new.findnews5.com\/index.php?rest_route=%2Fwp%2Fv2%2Ftags&post=22441"}],"curies":[{"name":"wp","href":"https:\/\/api.w.org\/{rel}","templated":true}]}}