{"id":22438,"date":"2025-02-26T11:58:55","date_gmt":"2025-02-26T11:58:55","guid":{"rendered":"https:\/\/new.findnews5.com\/?p=22438"},"modified":"2025-02-26T11:58:57","modified_gmt":"2025-02-26T11:58:57","slug":"arbenita-shfaqet-e-lenduar-pasi-fero-u-martua-per-here-te-trete","status":"publish","type":"post","link":"https:\/\/new.findnews5.com\/?p=22438","title":{"rendered":"Arbenita shfaqet e \u2018l\u00ebnduar\u2019 pasi Fero u martua p\u00ebr her\u00eb t\u00eb tret\u00eb"},"content":{"rendered":"<div class=\"78954ae5fa42b68c1393fe3da4998882\" data-index=\"1\" style=\"float: none; margin:0px 0 0px 0; text-align:center;\">\n<div data-type=\"_mgwidget\" data-widget-id=\"1576712\">\r\n<\/div>\r\n<script>(function(w,q){w[q]=w[q]||[];w[q].push([\"_mgc.load\"])})(window,\"_mgq\");\r\n<\/script>\r\n\n<\/div>\n\n<blockquote class=\"wp-block-quote is-layout-flow wp-block-quote-is-layout-flow\">\n<p><strong>Ish-reperi Feronit Shabani, i njohur si Fero, ka befasuar t\u00eb gjith\u00eb me lajmimin e tij t\u00eb fundit se ka lidhur kurorat p\u00ebr her\u00eb t\u00eb dyt\u00eb, pas nj\u00eb divorci t\u00eb bujsh\u00ebm nga modelja Arbenita Ismajli. Kjo ngjarje ka sjell\u00eb shum\u00eb reagime dhe emocione, ve\u00e7an\u00ebrisht nga ish-bashk\u00ebshortja e tij, Arbenita.<\/strong><\/p>\n\n\n\n<p>Fero ndau lajmin e g\u00ebzuesh\u00ebm n\u00eb rrjetet sociale me nj\u00eb postim t\u00eb thjesht\u00eb, por t\u00eb fuqish\u00ebm, duke shkruar \u201cJust married\u201d (T\u00eb sapomartuar). Ky lajm sh\u00ebnon nj\u00eb kapitull t\u00eb ri n\u00eb jet\u00ebn e tij, pas p\u00ebrfundimit t\u00eb nj\u00eb lidhjeje q\u00eb kishte mbushur titujt e mediave p\u00ebr nj\u00eb koh\u00eb t\u00eb gjat\u00eb.<\/p>\n\n\n\n<p>Pik\u00ebpyetjet e para q\u00eb lindin pas k\u00ebsaj ngjarjeje t\u00eb papritur jan\u00eb n\u00eb lidhje me emocionet e Arbenit\u00ebs. Pas k\u00ebtij lajmi, ajo shp\u00ebrndau nj\u00eb Instastory ku shfaqej e trishtuar, me lot n\u00eb sy, duke l\u00ebn\u00eb t\u00eb kuptohet se ndjeva thell\u00eb k\u00ebt\u00eb zhvillim. Kjo ngjarje ka ngritur spekulime se ndoshta ajo d\u00ebshiron t\u00eb jap\u00eb nj\u00eb mesazh t\u00eb caktuar n\u00eb lidhje me marr\u00ebdh\u00ebnien e tyre.<\/p>\n\n\n\n<figure class=\"wp-block-image\"><img decoding=\"async\" src=\"https:\/\/infokosova.net\/wp-content\/uploads\/2025\/02\/arbenita-ismajli-fero-b-905345.jpg\" alt=\"\" class=\"wp-image-213550\"\/><\/figure>\n\n\n\n<p>Nj\u00eb pyetje tjet\u00ebr q\u00eb shumica e fansave dhe mediave po b\u00ebjn\u00eb \u00ebsht\u00eb: A \u00ebsht\u00eb Arbenita duke reaguar ndaj vendimit t\u00eb Feros p\u00ebr t\u00eb rikonstruktuar jet\u00ebn e tij? Lajmi ka ngjallur diskutime se sa ajo ka qen\u00eb e prekur nga ky ndodhi dhe sa ndikohet jet\u00eb e saj pas divorcit.<\/p>\n\n\n\n<p>Marr\u00ebdh\u00ebnia fillestare mes Feronit dhe Arbenit\u00ebs ka qen\u00eb p\u00ebrplot pasion dhe dashuri, por periudha e fundit ka sjell\u00eb shum\u00eb tensione dhe ndarje. Pas divorcit, shum\u00eb u p\u00ebrpoq\u00ebn t\u00eb zbulojn\u00eb rrug\u00ebtimin e tyre, duke u fokusuar n\u00eb jet\u00ebn e re t\u00eb t\u00eb dyve. Ajo q\u00eb ndodhi tani tregon se ndonj\u00ebher\u00eb fillimi i ri \u00ebsht\u00eb m\u00eb af\u00ebr se \u00e7\u2019mund t\u00eb mendojm\u00eb.<\/p>\n\n\n\n<p>M\u00eb tep\u00ebr se sa vet\u00eb lajmi p\u00ebr martes\u00ebn, ajo q\u00eb e b\u00ebn k\u00ebt\u00eb histori t\u00eb ve\u00e7ant\u00eb \u00ebsht\u00eb m\u00ebnyra se si ndihen personazhet e angazhuar. Miqt\u00eb dhe ndjek\u00ebsit e Feros kan\u00eb shprehur urimet e tyre, nd\u00ebrsa ata q\u00eb e njohin Arbenit\u00ebn, ndjejn\u00eb nj\u00eb dhembshuri t\u00eb thell\u00eb p\u00ebr ndjenjat e saj.<\/p>\n\n\n\n<p>Kjo situat\u00eb gjithashtu na nxit t\u00eb mendojm\u00eb p\u00ebr dinamizmin e marr\u00ebdh\u00ebnieve n\u00eb bot\u00ebn e sotme, ku \u00e7\u00ebshtjet personale shpesh jan\u00eb n\u00ebn shikimin e publikut. Si do t\u00eb shtrojn\u00eb t\u00eb dy k\u00ebta individ\u00eb rrug\u00ebtimin e tyre n\u00eb nj\u00eb t\u00eb ardhme pa nj\u00ebri-tjetrin?<\/p>\n\n\n\n<p>Si p\u00ebrfundim, po shohim se si dashuria dhe ndjenja e humbjes mund t\u00eb shfaqen krah p\u00ebr krah. Tani, ne shpresojm\u00eb q\u00eb t\u00eb dy t\u00eb gjejn\u00eb paqe dhe lumturi n\u00eb rrug\u00ebn e re q\u00eb kan\u00eb zgjedhur. M\u00eb shum\u00eb se nj\u00eb martes\u00eb, ky \u00ebsht\u00eb nj\u00eb kujtes\u00eb se jeta vazhdon dhe \u00e7do p\u00ebrfundim \u00ebsht\u00eb nj\u00eb mund\u00ebsi p\u00ebr nj\u00eb fillim t\u00eb ri.<\/p>\n\n\n\n<p><strong>Shiko foton:<\/strong><\/p>\n\n\n\n<figure class=\"wp-block-image\"><img decoding=\"async\" src=\"https:\/\/iconstyle.al\/wp-content\/uploads\/2025\/02\/IMG_2187.jpg\" alt=\"\"\/><\/figure>\n<\/blockquote>\n\n<div style=\"font-size: 0px; height: 0px; line-height: 0px; margin: 0; padding: 0; clear: both;\"><\/div>","protected":false},"excerpt":{"rendered":"","protected":false},"author":1,"featured_media":22439,"comment_status":"open","ping_status":"open","sticky":false,"template":"","format":"standard","meta":{"footnotes":""},"categories":[6],"tags":[],"class_list":["post-22438","post","type-post","status-publish","format-standard","has-post-thumbnail","hentry","category-lajme"],"_links":{"self":[{"href":"https:\/\/new.findnews5.com\/index.php?rest_route=\/wp\/v2\/posts\/22438","targetHints":{"allow":["GET"]}}],"collection":[{"href":"https:\/\/new.findnews5.com\/index.php?rest_route=\/wp\/v2\/posts"}],"about":[{"href":"https:\/\/new.findnews5.com\/index.php?rest_route=\/wp\/v2\/types\/post"}],"author":[{"embeddable":true,"href":"https:\/\/new.findnews5.com\/index.php?rest_route=\/wp\/v2\/users\/1"}],"replies":[{"embeddable":true,"href":"https:\/\/new.findnews5.com\/index.php?rest_route=%2Fwp%2Fv2%2Fcomments&post=22438"}],"version-history":[{"count":0,"href":"https:\/\/new.findnews5.com\/index.php?rest_route=\/wp\/v2\/posts\/22438\/revisions"}],"wp:featuredmedia":[{"embeddable":true,"href":"https:\/\/new.findnews5.com\/index.php?rest_route=\/wp\/v2\/media\/22439"}],"wp:attachment":[{"href":"https:\/\/new.findnews5.com\/index.php?rest_route=%2Fwp%2Fv2%2Fmedia&parent=22438"}],"wp:term":[{"taxonomy":"category","embeddable":true,"href":"https:\/\/new.findnews5.com\/index.php?rest_route=%2Fwp%2Fv2%2Fcategories&post=22438"},{"taxonomy":"post_tag","embeddable":true,"href":"https:\/\/new.findnews5.com\/index.php?rest_route=%2Fwp%2Fv2%2Ftags&post=22438"}],"curies":[{"name":"wp","href":"https:\/\/api.w.org\/{rel}","templated":true}]}}