{"id":22432,"date":"2025-02-26T11:48:58","date_gmt":"2025-02-26T11:48:58","guid":{"rendered":"https:\/\/new.findnews5.com\/?p=22432"},"modified":"2025-02-26T11:49:00","modified_gmt":"2025-02-26T11:49:00","slug":"e-papritur-ledri-vula-me-semundje-te-pasherueshme-ja-nga-vuan-dhe-cfare-ndodhe","status":"publish","type":"post","link":"https:\/\/new.findnews5.com\/?p=22432","title":{"rendered":"E papritur! Ledri Vula me semundje t\u00eb pash\u00ebrueshme, ja nga vuan dhe \u00e7far\u00eb ndodh\u00eb"},"content":{"rendered":"<div class=\"78954ae5fa42b68c1393fe3da4998882\" data-index=\"1\" style=\"float: none; margin:0px 0 0px 0; text-align:center;\">\n<div data-type=\"_mgwidget\" data-widget-id=\"1576712\">\r\n<\/div>\r\n<script>(function(w,q){w[q]=w[q]||[];w[q].push([\"_mgc.load\"])})(window,\"_mgq\");\r\n<\/script>\r\n\n<\/div>\n\n<p>I njohur si k\u00ebng\u00ebtari i hiteve, Ledri Vula, \u00ebsht\u00eb nj\u00eb nga k\u00ebng\u00ebtar\u00ebt m\u00eb t\u00eb p\u00eblqyerit t\u00eb momentit, por edhe nd\u00ebr m\u00eb simpatik\u00ebt.<\/p>\n\n\n\n<p>Koh\u00ebt e fundit ai ka t\u00ebrhequr v\u00ebmendjen p\u00ebr shkak t\u00eb disa njollave n\u00eb l\u00ebkur\u00ebn e tij.<\/p>\n\n\n\n<p>N\u00ebp\u00ebr rrjete sociale po qarkullojn\u00eb disa foto, t\u00eb cilat sipas \u201cGazeta Metro\u201d hedhin dyshime se Ledri vuan nga nj\u00eb s\u00ebmundje e quajtur Vitiligo.<\/p>\n\n\n\n<p>Ajo konsiston n\u00eb tjet\u00ebrsimin e ngjyr\u00ebs s\u00eb l\u00ebkur\u00ebs, duke e b\u00ebr\u00eb t\u00eb bardh\u00eb n\u00eb zona t\u00eb ndryshme t\u00eb trupit, kryesisht n\u00eb duar, fytyr\u00eb dhe n\u00eb k\u00ebmb\u00eb.<\/p>\n\n\n\n<p>Vitiligo \u00ebsht\u00eb nj\u00eb lloj s\u00ebmundje kronike, jo ngjit\u00ebse, nga e cila ka prekur deri n\u00eb 2% e njer\u00ebzimit.<\/p>\n\n\n\n<p>Kjo gj\u00eb nuk \u00ebsht\u00eb konfirmuar nga k\u00ebng\u00ebtari mirepo sinjalet e tregojn\u00eb at\u00eb<\/p>\n\n\n\n<figure class=\"wp-block-image\"><img decoding=\"async\" src=\"http:\/\/lajmeaktuale.info\/wp-content\/uploads\/2025\/02\/ledri-1-900x680-1.jpg\" alt=\"\" class=\"wp-image-25744\"\/><\/figure>\n\n\n\n<p>Vitiligo njihet si s\u00ebmundje e pash\u00ebrueshme p\u00ebr momentin, e cila me kalimin e viteve \u00e7on n\u00eb zbardhjen e zonave t\u00eb t\u00ebra t\u00eb l\u00ebkur\u00ebs, por q\u00eb nuk ka pasoja p\u00ebr jet\u00ebn, p\u00ebrve\u00e7se her\u00eb pas her\u00ebs shkakton kruarje.<\/p>\n\n<div style=\"font-size: 0px; height: 0px; line-height: 0px; margin: 0; padding: 0; clear: both;\"><\/div>","protected":false},"excerpt":{"rendered":"<p>I njohur si k\u00ebng\u00ebtari i hiteve, Ledri Vula, \u00ebsht\u00eb nj\u00eb nga k\u00ebng\u00ebtar\u00ebt m\u00eb t\u00eb p\u00eblqyerit t\u00eb momentit, por edhe nd\u00ebr m\u00eb simpatik\u00ebt. Koh\u00ebt e fundit ai ka&#8230; <\/p>\n","protected":false},"author":1,"featured_media":22433,"comment_status":"open","ping_status":"open","sticky":false,"template":"","format":"standard","meta":{"footnotes":""},"categories":[6],"tags":[],"class_list":["post-22432","post","type-post","status-publish","format-standard","has-post-thumbnail","hentry","category-lajme"],"_links":{"self":[{"href":"https:\/\/new.findnews5.com\/index.php?rest_route=\/wp\/v2\/posts\/22432","targetHints":{"allow":["GET"]}}],"collection":[{"href":"https:\/\/new.findnews5.com\/index.php?rest_route=\/wp\/v2\/posts"}],"about":[{"href":"https:\/\/new.findnews5.com\/index.php?rest_route=\/wp\/v2\/types\/post"}],"author":[{"embeddable":true,"href":"https:\/\/new.findnews5.com\/index.php?rest_route=\/wp\/v2\/users\/1"}],"replies":[{"embeddable":true,"href":"https:\/\/new.findnews5.com\/index.php?rest_route=%2Fwp%2Fv2%2Fcomments&post=22432"}],"version-history":[{"count":0,"href":"https:\/\/new.findnews5.com\/index.php?rest_route=\/wp\/v2\/posts\/22432\/revisions"}],"wp:featuredmedia":[{"embeddable":true,"href":"https:\/\/new.findnews5.com\/index.php?rest_route=\/wp\/v2\/media\/22433"}],"wp:attachment":[{"href":"https:\/\/new.findnews5.com\/index.php?rest_route=%2Fwp%2Fv2%2Fmedia&parent=22432"}],"wp:term":[{"taxonomy":"category","embeddable":true,"href":"https:\/\/new.findnews5.com\/index.php?rest_route=%2Fwp%2Fv2%2Fcategories&post=22432"},{"taxonomy":"post_tag","embeddable":true,"href":"https:\/\/new.findnews5.com\/index.php?rest_route=%2Fwp%2Fv2%2Ftags&post=22432"}],"curies":[{"name":"wp","href":"https:\/\/api.w.org\/{rel}","templated":true}]}}