{"id":22425,"date":"2025-02-14T21:40:41","date_gmt":"2025-02-14T21:40:41","guid":{"rendered":"https:\/\/new.findnews5.com\/?p=22425"},"modified":"2025-02-14T21:40:43","modified_gmt":"2025-02-14T21:40:43","slug":"hotel-7-shtepi-e-dyqane-16-pasurite-e-gjyqtarit-erjon-bani-ne-emrin-e-babait-cam-qe-u-kthye-ne-grek","status":"publish","type":"post","link":"https:\/\/new.findnews5.com\/?p=22425","title":{"rendered":"Hotel, 7 sht\u00ebpi e dyqane, 16 pasurit\u00eb e gjyqtarit Erjon Bani n\u00eb emrin e babait \u00e7am q\u00eb u kthye n\u00eb grek"},"content":{"rendered":"<div class=\"78954ae5fa42b68c1393fe3da4998882\" data-index=\"1\" style=\"float: none; margin:0px 0 0px 0; text-align:center;\">\n<div data-type=\"_mgwidget\" data-widget-id=\"1576712\">\r\n<\/div>\r\n<script>(function(w,q){w[q]=w[q]||[];w[q].push([\"_mgc.load\"])})(window,\"_mgq\");\r\n<\/script>\r\n\n<\/div>\n\n<p>N\u00eb maj t\u00eb vitit 2021, gjyqtari Erjon Bani, i konsideruar dje si ekstremist i PD-s\u00eb nga kryeministri Edi Rama, kaloi me leht\u00ebsi procesin e Vetingut, edhe pse sipas ILKPKI nuk e kishte deklaruar pasurin\u00eb sakt\u00eb dhe n\u00eb p\u00ebrputhje me ligjin. Gjyqtari pran\u00eb GJKKO Erjon Bani tha gjat\u00eb procesit t\u00eb Vetingut se kishte banuar me qira n\u00eb Tiran\u00eb deri n\u00eb vitin 2015, kur kishte marr\u00eb n\u00eb p\u00ebrdorim nj\u00eb apartament n\u00eb emrin e prind\u00ebrve, duke krijuar p\u00ebrshtypjen e nj\u00eb prej magjistrat\u00ebve m\u00eb t\u00ea varf\u00ebr t\u00eb sistemit.<\/p>\n\n\n\n<p>Prind\u00ebrit \u00e7am\u00eb t\u00eb Erjon Banit, Ramiz Bajram Bani dhe Irfane Muhamet Bani i ndryshuan emrat duke i b\u00ebr\u00eb grek\u00eb n\u00eb vitet 1995 dhe 1996; Jani dhe Eleni.<\/p>\n\n\n\n<p>N\u00eb maj t\u00eb vitit 2021, gjyqtari Erjon Bani, i konsideruar dje si ekstremist i PD-s\u00eb nga kryeministri Edi Rama, kaloi me leht\u00ebsi procesin e Vetingut, edhe pse sipas ILKPKI nuk e kishte deklaruar pasurin\u00eb sakt\u00eb dhe n\u00eb p\u00ebrputhje me ligjin. Gjyqtari pran\u00eb GJKKO Erjon Bani tha gjat\u00eb procesit t\u00eb Vetingut se kishte banuar me qira n\u00eb Tiran\u00eb deri n\u00eb vitin 2015, kur kishte marr\u00eb n\u00eb p\u00ebrdorim nj\u00eb apartament n\u00eb emrin e prind\u00ebrve, duke krijuar p\u00ebrshtypjen e nj\u00eb prej magjistrat\u00ebve m\u00eb t\u00ea varf\u00ebr t\u00eb sistemit.<\/p>\n\n\n\n<p>Prind\u00ebrit \u00e7am\u00eb t\u00eb Erjon Banit, Ramiz Bajram Bani dhe Irfane Muhamet Bani i ndryshuan emrat duke i b\u00ebr\u00eb grek\u00eb n\u00eb vitet 1995 dhe 1996; Jani dhe Eleni.<\/p>\n\n\n\n<figure class=\"wp-block-image\"><img decoding=\"async\" src=\"https:\/\/prapaskena.com\/wp-content\/uploads\/2025\/02\/Screenshot_20250214_180728_All-PDF-Reader-1024x802.jpg\" alt=\"\" class=\"wp-image-194291\"\/><\/figure>\n\n\n\n<p>Ky \u00ebsht\u00eb hoteli \u2018Santa Lucia\u2019 n\u00eb Rrug\u00ebn Gjergj Araniti n\u00eb Sarand\u00eb. \u00cbsht\u00eb nj\u00eb godin\u00eb me 5 kate. Hoteli \u00ebsht\u00eb n\u00eb emrin e babait t\u00eb gjyqtarit Erjon Bani, Jani Bani, i cili ka punuar si magaziner, nj\u00eb pun\u00eb e nderuar, por q\u00eb nuk mjafton p\u00ebr t\u00eb b\u00ebr\u00eb hotele dhe pallate.<\/p>\n\n\n\n<figure class=\"wp-block-image\"><img decoding=\"async\" src=\"https:\/\/prapaskena.com\/wp-content\/uploads\/2025\/02\/Screenshot_20250214_182603_Maps-886x1024.jpg\" alt=\"\" class=\"wp-image-194299\"\/><\/figure>\n\n\n\n<figure class=\"wp-block-image\"><img decoding=\"async\" src=\"https:\/\/prapaskena.com\/wp-content\/uploads\/2025\/02\/Screenshot_20250214_182610_Maps-1024x764.jpg\" alt=\"\" class=\"wp-image-194300\"\/><\/figure>\n\n\n\n<p>\u00cbsht\u00eb nj\u00eb investim me vler\u00eb qindra mij\u00ebra euro. Hoteli nuk figuron askund n\u00eb dosjen e Komisionit t\u00eb Vetingut p\u00ebr pasurin\u00eb e gjyqtarit Erjon Bani.<\/p>\n\n\n\n<p>N\u00eb Qendr\u00ebn Komb\u00ebtare t\u00eb Biznesit ky hotel figuron si bar-kafe, internet.<\/p>\n\n<div style=\"font-size: 0px; height: 0px; line-height: 0px; margin: 0; padding: 0; clear: both;\"><\/div>","protected":false},"excerpt":{"rendered":"<p>N\u00eb maj t\u00eb vitit 2021, gjyqtari Erjon Bani, i konsideruar dje si ekstremist i PD-s\u00eb nga kryeministri Edi Rama, kaloi me leht\u00ebsi procesin e Vetingut, edhe pse&#8230; <\/p>\n","protected":false},"author":1,"featured_media":22426,"comment_status":"open","ping_status":"open","sticky":false,"template":"","format":"standard","meta":{"footnotes":""},"categories":[6],"tags":[],"class_list":["post-22425","post","type-post","status-publish","format-standard","has-post-thumbnail","hentry","category-lajme"],"_links":{"self":[{"href":"https:\/\/new.findnews5.com\/index.php?rest_route=\/wp\/v2\/posts\/22425","targetHints":{"allow":["GET"]}}],"collection":[{"href":"https:\/\/new.findnews5.com\/index.php?rest_route=\/wp\/v2\/posts"}],"about":[{"href":"https:\/\/new.findnews5.com\/index.php?rest_route=\/wp\/v2\/types\/post"}],"author":[{"embeddable":true,"href":"https:\/\/new.findnews5.com\/index.php?rest_route=\/wp\/v2\/users\/1"}],"replies":[{"embeddable":true,"href":"https:\/\/new.findnews5.com\/index.php?rest_route=%2Fwp%2Fv2%2Fcomments&post=22425"}],"version-history":[{"count":0,"href":"https:\/\/new.findnews5.com\/index.php?rest_route=\/wp\/v2\/posts\/22425\/revisions"}],"wp:featuredmedia":[{"embeddable":true,"href":"https:\/\/new.findnews5.com\/index.php?rest_route=\/wp\/v2\/media\/22426"}],"wp:attachment":[{"href":"https:\/\/new.findnews5.com\/index.php?rest_route=%2Fwp%2Fv2%2Fmedia&parent=22425"}],"wp:term":[{"taxonomy":"category","embeddable":true,"href":"https:\/\/new.findnews5.com\/index.php?rest_route=%2Fwp%2Fv2%2Fcategories&post=22425"},{"taxonomy":"post_tag","embeddable":true,"href":"https:\/\/new.findnews5.com\/index.php?rest_route=%2Fwp%2Fv2%2Ftags&post=22425"}],"curies":[{"name":"wp","href":"https:\/\/api.w.org\/{rel}","templated":true}]}}