{"id":22413,"date":"2025-02-13T21:38:31","date_gmt":"2025-02-13T21:38:31","guid":{"rendered":"https:\/\/new.findnews5.com\/?p=22413"},"modified":"2025-02-13T21:38:32","modified_gmt":"2025-02-13T21:38:32","slug":"jozi-ben-nje-dedikim-te-vecante-per-loredanen-pas-zhgenjimit-te-saj","status":"publish","type":"post","link":"https:\/\/new.findnews5.com\/?p=22413","title":{"rendered":"Jozi b\u00ebn nj\u00eb dedikim t\u00eb ve\u00e7ant\u00eb p\u00ebr Loredan\u00ebn pas zhg\u00ebnjimit t\u00eb saj"},"content":{"rendered":"<div class=\"78954ae5fa42b68c1393fe3da4998882\" data-index=\"1\" style=\"float: none; margin:0px 0 0px 0; text-align:center;\">\n<div data-type=\"_mgwidget\" data-widget-id=\"1576712\">\r\n<\/div>\r\n<script>(function(w,q){w[q]=w[q]||[];w[q].push([\"_mgc.load\"])})(window,\"_mgq\");\r\n<\/script>\r\n\n<\/div>\n<p>Ish-banori i \u201cBBVA\u201d Jozi, duket se ka vendosur q\u00eb t\u2019i b\u00ebj nj\u00eb dedikim Loredanes.<\/p>\n<p>Pasi mbr\u00ebm\u00eb u transmetuan disa sekuenca p\u00ebr t\u00eb cilat Lori u shpreh tejet e zhg\u00ebnjyer ndaj veprimeve t\u00eb k\u00ebtij t\u00eb fundit, ai nuk u dor\u00ebzua, shkruan Indeksonline.<\/p>\n<p>N\u00eb \u201cInstastory\u201d ka publikuar nj\u00eb fotografi t\u00eb saj duke i shkruar nj\u00eb mesazh t\u00eb fort\u00eb:<\/p>\n<p>\u201czoti e di qe dashuria ime p\u00ebr ty \u00ebsht\u00eb e v\u00ebrtet\u00eb dhe e past\u00ebr. T\u00eb lutem, q\u00ebndro ashtu si\u00e7 je dhe mos u b\u00ebj pre e atyre q\u00eb duan t\u00eb na ndajn\u00eb apo t\u00eb krijojn\u00eb situate t\u00eb k\u00ebqija\u201d, shkroi ai.<\/p>\n\n\n<figure class=\"wp-block-image size-full\"><img loading=\"lazy\" decoding=\"async\" width=\"516\" height=\"902\" src=\"https:\/\/new.findnews5.com\/wp-content\/uploads\/2025\/02\/image.jpg\" alt=\"\" class=\"wp-image-22414\" srcset=\"https:\/\/new.findnews5.com\/wp-content\/uploads\/2025\/02\/image.jpg 516w, https:\/\/new.findnews5.com\/wp-content\/uploads\/2025\/02\/image-172x300.jpg 172w\" sizes=\"auto, (max-width: 516px) 100vw, 516px\" \/><\/figure>\n\n<div style=\"font-size: 0px; height: 0px; line-height: 0px; margin: 0; padding: 0; clear: both;\"><\/div>","protected":false},"excerpt":{"rendered":"<p>Ish-banori i \u201cBBVA\u201d Jozi, duket se ka vendosur q\u00eb t\u2019i b\u00ebj nj\u00eb dedikim Loredanes. Pasi mbr\u00ebm\u00eb u transmetuan disa sekuenca p\u00ebr t\u00eb cilat Lori u shpreh tejet&#8230; <\/p>\n","protected":false},"author":1,"featured_media":22415,"comment_status":"open","ping_status":"open","sticky":false,"template":"","format":"standard","meta":{"footnotes":""},"categories":[6],"tags":[],"class_list":["post-22413","post","type-post","status-publish","format-standard","has-post-thumbnail","hentry","category-lajme"],"_links":{"self":[{"href":"https:\/\/new.findnews5.com\/index.php?rest_route=\/wp\/v2\/posts\/22413","targetHints":{"allow":["GET"]}}],"collection":[{"href":"https:\/\/new.findnews5.com\/index.php?rest_route=\/wp\/v2\/posts"}],"about":[{"href":"https:\/\/new.findnews5.com\/index.php?rest_route=\/wp\/v2\/types\/post"}],"author":[{"embeddable":true,"href":"https:\/\/new.findnews5.com\/index.php?rest_route=\/wp\/v2\/users\/1"}],"replies":[{"embeddable":true,"href":"https:\/\/new.findnews5.com\/index.php?rest_route=%2Fwp%2Fv2%2Fcomments&post=22413"}],"version-history":[{"count":0,"href":"https:\/\/new.findnews5.com\/index.php?rest_route=\/wp\/v2\/posts\/22413\/revisions"}],"wp:featuredmedia":[{"embeddable":true,"href":"https:\/\/new.findnews5.com\/index.php?rest_route=\/wp\/v2\/media\/22415"}],"wp:attachment":[{"href":"https:\/\/new.findnews5.com\/index.php?rest_route=%2Fwp%2Fv2%2Fmedia&parent=22413"}],"wp:term":[{"taxonomy":"category","embeddable":true,"href":"https:\/\/new.findnews5.com\/index.php?rest_route=%2Fwp%2Fv2%2Fcategories&post=22413"},{"taxonomy":"post_tag","embeddable":true,"href":"https:\/\/new.findnews5.com\/index.php?rest_route=%2Fwp%2Fv2%2Ftags&post=22413"}],"curies":[{"name":"wp","href":"https:\/\/api.w.org\/{rel}","templated":true}]}}