{"id":22410,"date":"2025-02-13T21:28:49","date_gmt":"2025-02-13T21:28:49","guid":{"rendered":"https:\/\/new.findnews5.com\/?p=22410"},"modified":"2025-02-13T21:28:51","modified_gmt":"2025-02-13T21:28:51","slug":"butrint-imeri-me-i-dashuruar-se-kurr-me-modelen-turke-ja-ku-shkojn-bashke","status":"publish","type":"post","link":"https:\/\/new.findnews5.com\/?p=22410","title":{"rendered":"Butrint Imeri m\u00eb i dashuruar se kurr me modelen turke, ja ku shkojn bashk\u00eb"},"content":{"rendered":"<div class=\"78954ae5fa42b68c1393fe3da4998882\" data-index=\"1\" style=\"float: none; margin:0px 0 0px 0; text-align:center;\">\n<div data-type=\"_mgwidget\" data-widget-id=\"1576712\">\r\n<\/div>\r\n<script>(function(w,q){w[q]=w[q]||[];w[q].push([\"_mgc.load\"])})(window,\"_mgq\");\r\n<\/script>\r\n\n<\/div>\n\n<p><strong>K\u00ebng\u00ebtari Butrint Imeri dhe modelja turke, Sezen po kalojn\u00eb pushimet s\u00eb bashku.<\/strong><\/p>\n\n\n\n<p>Dyshja kan\u00eb kaluar disa dit\u00eb s\u00eb bashku n\u00eb Alpet zvicerane, nj\u00eb destinacion i njohur p\u00ebr bukurit\u00eb e tij natyrore dhe atmosfer\u00ebn romantike. Me male mahnit\u00ebse dhe peisazhe t\u00eb paprahsim, Alpet ofrojn\u00eb nj\u00eb vend ideal p\u00ebr \u00e7iftet q\u00eb d\u00ebshirojn\u00eb t\u00eb kalojn\u00eb koh\u00eb cil\u00ebsore s\u00eb bashku.<\/p>\n\n\n\n<p>Sezen ka publikuar disa momente me k\u00ebng\u00ebtarin n\u00eb Instagramin e saj, duke i k\u00ebnaqur fansat me pamje t\u00eb mrekullueshme nga aventurat e tyre. K\u00ebto foto jan\u00eb shoq\u00ebruar me p\u00ebrshkrime t\u00eb ngrohta, duke krijuar nj\u00eb atmosfer\u00eb t\u00eb lidhjes s\u00eb tyre dhe duke t\u00ebrhequr v\u00ebmendjen e shum\u00eb ndjek\u00ebsve.<\/p>\n\n\n\n<figure class=\"wp-block-image\"><img decoding=\"async\" src=\"https:\/\/infokosova.net\/wp-content\/uploads\/2025\/02\/butrint-imeri-b-1425412444-1.jpg\" alt=\"\" class=\"wp-image-203981\"\/><\/figure>\n\n\n\n<p>Ndryshe nga shum\u00eb celebritete, ata kan\u00eb vendosur t\u00eb mos komentojn\u00eb p\u00ebr marr\u00ebdh\u00ebnien e tyre t\u00eb mundshme. Edhe pse nuk kan\u00eb b\u00ebr\u00eb asnj\u00eb deklarat\u00eb zyrtare, shihen si nj\u00eb \u00e7ift i mundsh\u00ebm, \u00e7ka ka shtuar spekulimet n\u00eb mesin e fansave t\u00eb tyre.<\/p>\n\n\n\n<p>\u00cbsht\u00eb interesante t\u00eb theksohet se Butrinti dhe Sezen jan\u00eb p\u00ebrfshir\u00eb t\u00eb dy n\u00eb projekte t\u00eb ndryshme artistike, duke sjell\u00eb nj\u00eb atmosfer\u00eb dinamike n\u00eb rrjete sociale. K\u00ebng\u00ebtar\u00ebt shpesh ndajn\u00eb momente nga p\u00ebrditshm\u00ebria e tyre, duke krijuar nj\u00eb lidhje m\u00eb t\u00eb af\u00ebrt me ndjek\u00ebsit e tyre.<\/p>\n\n\n\n<p>Alpet zvicerane jan\u00eb nj\u00eb vend ideal p\u00ebr t\u2019u \u00e7lodhur dhe p\u00ebr tu liruar nga rutina e p\u00ebrditshme. M\u00eb shum\u00eb se kaq, ky mjedis natyror ofron mund\u00ebsi p\u00ebr aktivitete t\u00eb shumta, si ecje n\u00eb natyr\u00eb, jasht\u00ebqitje dhe eksplorimin e bukurive t\u00eb natyr\u00ebs, e cila \u00ebsht\u00eb nj\u00eb zgjedhje perfekte p\u00ebr \u00e7iftet q\u00eb k\u00ebrkojn\u00eb aventura s\u00eb bashku.<\/p>\n\n\n\n<p>Fansat kan\u00eb shprehur mb\u00ebshtetje dhe entuziaz\u00ebm p\u00ebr lidhjen e mundshme mes Butrintit dhe Sezen, duke l\u00ebn\u00eb komente pozitive n\u00eb postimet e tyre. Kjo tregon se dy artist\u00ebt g\u00ebzojn\u00eb nj\u00eb baz\u00eb t\u00eb fuqishme ndjek\u00ebsish q\u00eb i mb\u00ebshtet ata n\u00eb \u00e7do hap t\u00eb karrier\u00ebs s\u00eb tyre dhe jet\u00ebs personale.<\/p>\n\n\n\n<p>Pavar\u00ebsisht se cila \u00ebsht\u00eb e v\u00ebrteta mbi marr\u00ebdh\u00ebnien e tyre, p\u00ebr momentin \u00ebsht\u00eb e qart\u00eb se Butrinti dhe Sezen po shijojn\u00eb \u00e7do moment t\u00eb pushimeve s\u00eb bashku dhe e gjith\u00eb kjo po ndodh n\u00eb nj\u00eb nga vendet m\u00eb t\u00eb bukura t\u00eb bot\u00ebs.<\/p>\n\n\n\n<p><strong>Shiko foton:<\/strong><\/p>\n\n\n\n<figure class=\"wp-block-image\"><img decoding=\"async\" src=\"https:\/\/infokosova.net\/wp-content\/uploads\/2025\/02\/butrint-imeri-dhe-modelja-turke-sezen-nje-pushim-romantik-ne-alpet-zvicerane-rhj6oomh.jpg\" alt=\"\" class=\"wp-image-204969\"\/><\/figure>\n\n<div style=\"font-size: 0px; height: 0px; line-height: 0px; margin: 0; padding: 0; clear: both;\"><\/div>","protected":false},"excerpt":{"rendered":"<p>K\u00ebng\u00ebtari Butrint Imeri dhe modelja turke, Sezen po kalojn\u00eb pushimet s\u00eb bashku. Dyshja kan\u00eb kaluar disa dit\u00eb s\u00eb bashku n\u00eb Alpet zvicerane, nj\u00eb destinacion i njohur p\u00ebr&#8230; <\/p>\n","protected":false},"author":1,"featured_media":22411,"comment_status":"open","ping_status":"open","sticky":false,"template":"","format":"standard","meta":{"footnotes":""},"categories":[6],"tags":[],"class_list":["post-22410","post","type-post","status-publish","format-standard","has-post-thumbnail","hentry","category-lajme"],"_links":{"self":[{"href":"https:\/\/new.findnews5.com\/index.php?rest_route=\/wp\/v2\/posts\/22410","targetHints":{"allow":["GET"]}}],"collection":[{"href":"https:\/\/new.findnews5.com\/index.php?rest_route=\/wp\/v2\/posts"}],"about":[{"href":"https:\/\/new.findnews5.com\/index.php?rest_route=\/wp\/v2\/types\/post"}],"author":[{"embeddable":true,"href":"https:\/\/new.findnews5.com\/index.php?rest_route=\/wp\/v2\/users\/1"}],"replies":[{"embeddable":true,"href":"https:\/\/new.findnews5.com\/index.php?rest_route=%2Fwp%2Fv2%2Fcomments&post=22410"}],"version-history":[{"count":0,"href":"https:\/\/new.findnews5.com\/index.php?rest_route=\/wp\/v2\/posts\/22410\/revisions"}],"wp:featuredmedia":[{"embeddable":true,"href":"https:\/\/new.findnews5.com\/index.php?rest_route=\/wp\/v2\/media\/22411"}],"wp:attachment":[{"href":"https:\/\/new.findnews5.com\/index.php?rest_route=%2Fwp%2Fv2%2Fmedia&parent=22410"}],"wp:term":[{"taxonomy":"category","embeddable":true,"href":"https:\/\/new.findnews5.com\/index.php?rest_route=%2Fwp%2Fv2%2Fcategories&post=22410"},{"taxonomy":"post_tag","embeddable":true,"href":"https:\/\/new.findnews5.com\/index.php?rest_route=%2Fwp%2Fv2%2Ftags&post=22410"}],"curies":[{"name":"wp","href":"https:\/\/api.w.org\/{rel}","templated":true}]}}