{"id":22401,"date":"2025-02-02T21:53:48","date_gmt":"2025-02-02T21:53:48","guid":{"rendered":"https:\/\/new.findnews5.com\/?p=22401"},"modified":"2025-02-02T21:53:50","modified_gmt":"2025-02-02T21:53:50","slug":"pas-dasmes-gjesti-le-shtepine-e-big-brother-cndodhi-gjate-ceremonise","status":"publish","type":"post","link":"https:\/\/new.findnews5.com\/?p=22401","title":{"rendered":"Pas dasm\u00ebs, Gjesti l\u00eb sht\u00ebpin\u00eb e Big Brother, \u00e7\u2019ndodhi gjat\u00eb ceremonis\u00eb"},"content":{"rendered":"<div class=\"78954ae5fa42b68c1393fe3da4998882\" data-index=\"1\" style=\"float: none; margin:0px 0 0px 0; text-align:center;\">\n<div data-type=\"_mgwidget\" data-widget-id=\"1576712\">\r\n<\/div>\r\n<script>(function(w,q){w[q]=w[q]||[];w[q].push([\"_mgc.load\"])})(window,\"_mgq\");\r\n<\/script>\r\n\n<\/div>\n\n<p>N\u00eb mbr\u00ebmjen e sotme n\u00eb sht\u00ebpin\u00eb e BBVIP Shqip\u00ebri, ku u zhvillua edhe ceremonia e dasm\u00ebs s\u00eb Jozit dhe Loredan\u00ebs, u organizua nj\u00eb aheng i madh. <br><br>Sipas disa burimeve, gjat\u00eb k\u00ebsaj nate u sh\u00ebnuar nj\u00eb incident i pak\u00ebndsh\u00ebm midis Gert\u00ebs dhe nj\u00eb t\u00eb ftuari. Nga nj\u00eb debat i nxeht\u00eb, situata u shkall\u00ebzua dhe Gerta i hodhi shampanj\u00eb n\u00eb fytyr\u00eb t\u00eb ftuarit, e cila r\u00ebndom ra n\u00eb sy t\u00eb tij. Si pasoj\u00eb e k\u00ebsaj, gjendja e syrit t\u00eb t\u00eb ftuarit u p\u00ebrkeq\u00ebsua, duke k\u00ebrkuar nd\u00ebrhyrje t\u00eb shpejt\u00eb mjek\u00ebsore. V\u00ebllai i madh i t\u00eb ftuarit nd\u00ebrhyri menj\u00ebher\u00eb dhe e \u00e7oi n\u00eb mjekim p\u00ebr t\u00eb trajtuar d\u00ebmtimin.<\/p>\n\n\n\n<p>Incidenti solli nj\u00eb tension t\u00eb p\u00ebrkohsh\u00ebm n\u00eb atmosfer\u00ebn e fest\u00ebs, por gjith\u00e7ka u normalizua pas nd\u00ebrhyrjes s\u00eb shpejt\u00eb dhe p\u00ebrpjekjeve p\u00ebr t\u00eb qet\u00ebsuar situat\u00ebn. Ceremonia e dasm\u00ebs vazhdoi me sukses, dhe t\u00eb ftuarit u kthyen n\u00eb fest\u00eb pasi u sigurua q\u00eb gjendja e t\u00eb d\u00ebmtuarit ishte n\u00ebn kontroll.<\/p>\n\n<div style=\"font-size: 0px; height: 0px; line-height: 0px; margin: 0; padding: 0; clear: both;\"><\/div>","protected":false},"excerpt":{"rendered":"<p>N\u00eb mbr\u00ebmjen e sotme n\u00eb sht\u00ebpin\u00eb e BBVIP Shqip\u00ebri, ku u zhvillua edhe ceremonia e dasm\u00ebs s\u00eb Jozit dhe Loredan\u00ebs, u organizua nj\u00eb aheng i madh. Sipas&#8230; <\/p>\n","protected":false},"author":1,"featured_media":22402,"comment_status":"open","ping_status":"open","sticky":false,"template":"","format":"standard","meta":{"footnotes":""},"categories":[6],"tags":[],"class_list":["post-22401","post","type-post","status-publish","format-standard","has-post-thumbnail","hentry","category-lajme"],"_links":{"self":[{"href":"https:\/\/new.findnews5.com\/index.php?rest_route=\/wp\/v2\/posts\/22401","targetHints":{"allow":["GET"]}}],"collection":[{"href":"https:\/\/new.findnews5.com\/index.php?rest_route=\/wp\/v2\/posts"}],"about":[{"href":"https:\/\/new.findnews5.com\/index.php?rest_route=\/wp\/v2\/types\/post"}],"author":[{"embeddable":true,"href":"https:\/\/new.findnews5.com\/index.php?rest_route=\/wp\/v2\/users\/1"}],"replies":[{"embeddable":true,"href":"https:\/\/new.findnews5.com\/index.php?rest_route=%2Fwp%2Fv2%2Fcomments&post=22401"}],"version-history":[{"count":0,"href":"https:\/\/new.findnews5.com\/index.php?rest_route=\/wp\/v2\/posts\/22401\/revisions"}],"wp:featuredmedia":[{"embeddable":true,"href":"https:\/\/new.findnews5.com\/index.php?rest_route=\/wp\/v2\/media\/22402"}],"wp:attachment":[{"href":"https:\/\/new.findnews5.com\/index.php?rest_route=%2Fwp%2Fv2%2Fmedia&parent=22401"}],"wp:term":[{"taxonomy":"category","embeddable":true,"href":"https:\/\/new.findnews5.com\/index.php?rest_route=%2Fwp%2Fv2%2Fcategories&post=22401"},{"taxonomy":"post_tag","embeddable":true,"href":"https:\/\/new.findnews5.com\/index.php?rest_route=%2Fwp%2Fv2%2Ftags&post=22401"}],"curies":[{"name":"wp","href":"https:\/\/api.w.org\/{rel}","templated":true}]}}