{"id":22395,"date":"2025-02-01T21:56:11","date_gmt":"2025-02-01T21:56:11","guid":{"rendered":"https:\/\/new.findnews5.com\/?p=22395"},"modified":"2025-02-01T21:56:13","modified_gmt":"2025-02-01T21:56:13","slug":"shyhrete-behluli-rrefen-biseden-e-fundit-me-nenen-e-saj","status":"publish","type":"post","link":"https:\/\/new.findnews5.com\/?p=22395","title":{"rendered":"Shyhrete Behluli rr\u00ebfen bised\u00ebn e fundit me n\u00ebn\u00ebn e saj"},"content":{"rendered":"<div class=\"78954ae5fa42b68c1393fe3da4998882\" data-index=\"1\" style=\"float: none; margin:0px 0 0px 0; text-align:center;\">\n<div data-type=\"_mgwidget\" data-widget-id=\"1576712\">\r\n<\/div>\r\n<script>(function(w,q){w[q]=w[q]||[];w[q].push([\"_mgc.load\"])})(window,\"_mgq\");\r\n<\/script>\r\n\n<\/div>\n\n<p><strong>K\u00ebng\u00ebtarja Shyhrete Behluli dje ka komunikuar lajmin e trisht p\u00ebr ndjek\u00ebsit.<\/strong><\/p>\n\n\n\n<p>Ajo ka b\u00ebr\u00eb t\u00eb ditur se ka nd\u00ebrruar jet\u00eb n\u00ebna e saj.<\/p>\n\n\n\n<p>N\u00eb nj\u00eb intervist\u00eb, Shyhretja zbuloi bised\u00ebn q\u00eb kishte b\u00ebr\u00eb me t\u00eb \u00ebm\u00ebn nj\u00eb muaj para vdekjes. Ajo kujton fjal\u00ebt e ngrohta t\u00eb n\u00ebn\u00ebs, duke e p\u00ebrshkruar at\u00eb si nj\u00eb mb\u00ebshtetje t\u00eb palodhur n\u00eb \u00e7do hap t\u00eb jet\u00ebs s\u00eb saj.<\/p>\n\n\n\n<figure class=\"wp-block-image\"><img decoding=\"async\" src=\"https:\/\/infokosova.net\/wp-content\/uploads\/2024\/03\/shyhrete-behluli-nena-98768686.jpg\" alt=\"\" class=\"wp-image-66602\"\/><\/figure>\n\n\n\n<p>\u201cJam e lumtur q\u00eb e kisha n\u00eb 50-vjetorin e karrier\u00ebs, bile me tha: \u2018Oj bij\u00eb, kur ke dal\u00eb n\u00eb skena kam dasht\u00eb me ja nis\u00eb me kajt\u2019, por un\u00eb i thash\u00eb q\u00eb po me shohin publiku, mama p\u00ebr f\u00ebmij\u00eb kurr\u00eb nuk ngihet,\u201d tha Shyhrete, duke theksuar se k\u00ebto fjal\u00eb do t\u2019i mbeten gjithmon\u00eb n\u00eb zem\u00ebr.<\/p>\n\n\n\n<p>E njohur p\u00ebr lidhjen e saj t\u00eb ngusht\u00eb me n\u00ebn\u00ebn, Shyhrete gjithmon\u00eb ka shprehur admirimin e saj p\u00ebr k\u00ebt\u00eb grua t\u00eb jasht\u00ebzakonshme. Ndonj\u00ebher\u00eb, ajo e p\u00ebrmend n\u00ebn\u00ebn si nj\u00eb motivues t\u00eb saj kryesor, duke i treguar asaj se sa shum\u00eb e ka ndihmuar n\u00eb arritjen e suksesit n\u00eb karrier\u00ebn e saj muzikore.<\/p>\n\n\n\n<p>K\u00ebng\u00ebtarja, e cila ka lindur dhe u rrit n\u00eb nj\u00eb familje modeste, ka p\u00ebrjetuar shum\u00eb sfida n\u00eb rrug\u00ebtimin e saj deri n\u00eb sukses. Shyhrete \u00ebsht\u00eb nj\u00eb simbol i forc\u00ebs dhe q\u00ebndres\u00ebs duke p\u00ebrfaq\u00ebsuar shqiponjat e feministeve t\u00eb Kosov\u00ebs. N\u00eb \u00e7do hap t\u00eb saj, ajo ka ndar\u00eb vlerat dhe m\u00ebsimet q\u00eb ka m\u00ebsuar nga n\u00ebna e saj.<\/p>\n\n<div style=\"font-size: 0px; height: 0px; line-height: 0px; margin: 0; padding: 0; clear: both;\"><\/div>","protected":false},"excerpt":{"rendered":"<p>K\u00ebng\u00ebtarja Shyhrete Behluli dje ka komunikuar lajmin e trisht p\u00ebr ndjek\u00ebsit. Ajo ka b\u00ebr\u00eb t\u00eb ditur se ka nd\u00ebrruar jet\u00eb n\u00ebna e saj. N\u00eb nj\u00eb intervist\u00eb, Shyhretja&#8230; <\/p>\n","protected":false},"author":1,"featured_media":22396,"comment_status":"open","ping_status":"open","sticky":false,"template":"","format":"standard","meta":{"footnotes":""},"categories":[6],"tags":[],"class_list":["post-22395","post","type-post","status-publish","format-standard","has-post-thumbnail","hentry","category-lajme"],"_links":{"self":[{"href":"https:\/\/new.findnews5.com\/index.php?rest_route=\/wp\/v2\/posts\/22395","targetHints":{"allow":["GET"]}}],"collection":[{"href":"https:\/\/new.findnews5.com\/index.php?rest_route=\/wp\/v2\/posts"}],"about":[{"href":"https:\/\/new.findnews5.com\/index.php?rest_route=\/wp\/v2\/types\/post"}],"author":[{"embeddable":true,"href":"https:\/\/new.findnews5.com\/index.php?rest_route=\/wp\/v2\/users\/1"}],"replies":[{"embeddable":true,"href":"https:\/\/new.findnews5.com\/index.php?rest_route=%2Fwp%2Fv2%2Fcomments&post=22395"}],"version-history":[{"count":0,"href":"https:\/\/new.findnews5.com\/index.php?rest_route=\/wp\/v2\/posts\/22395\/revisions"}],"wp:featuredmedia":[{"embeddable":true,"href":"https:\/\/new.findnews5.com\/index.php?rest_route=\/wp\/v2\/media\/22396"}],"wp:attachment":[{"href":"https:\/\/new.findnews5.com\/index.php?rest_route=%2Fwp%2Fv2%2Fmedia&parent=22395"}],"wp:term":[{"taxonomy":"category","embeddable":true,"href":"https:\/\/new.findnews5.com\/index.php?rest_route=%2Fwp%2Fv2%2Fcategories&post=22395"},{"taxonomy":"post_tag","embeddable":true,"href":"https:\/\/new.findnews5.com\/index.php?rest_route=%2Fwp%2Fv2%2Ftags&post=22395"}],"curies":[{"name":"wp","href":"https:\/\/api.w.org\/{rel}","templated":true}]}}