{"id":22392,"date":"2025-01-25T10:05:45","date_gmt":"2025-01-25T10:05:45","guid":{"rendered":"https:\/\/new.findnews5.com\/?p=22392"},"modified":"2025-01-25T10:05:46","modified_gmt":"2025-01-25T10:05:46","slug":"vjen-paralajmerimi-trump-mund-te-terheq-kfor-in-amerikan-nga-kosova","status":"publish","type":"post","link":"https:\/\/new.findnews5.com\/?p=22392","title":{"rendered":"Vjen paralajm\u00ebrimi: Trump mund t\u00eb t\u00ebrheq KFOR-in amerikan nga Kosova"},"content":{"rendered":"<div class=\"78954ae5fa42b68c1393fe3da4998882\" data-index=\"1\" style=\"float: none; margin:0px 0 0px 0; text-align:center;\">\n<div data-type=\"_mgwidget\" data-widget-id=\"1576712\">\r\n<\/div>\r\n<script>(function(w,q){w[q]=w[q]||[];w[q].push([\"_mgc.load\"])})(window,\"_mgq\");\r\n<\/script>\r\n\n<\/div>\n\n<p>Drejtori i Institutit KIPRED, Lulzim Peci nuk p\u00ebrjashtoi mund\u00ebsin\u00eb q\u00eb presidenti Trump t\u00eb t\u00ebrheq trupat ushtarake amerikane nga Kosova, transmeton gazeta \u201cKosova Sot Online\u201d.<\/p>\n\n\n\n<p>Ai tha se Kosova \u00ebsht\u00eb nj\u00eb vend potencial p\u00ebr vat\u00ebr krize,e po ashtu Bosnja e Mali i Zi.<\/p>\n\n\n\n<p>\u201cK\u00ebto \u00e7\u00ebshtje edhe pse nuk jan\u00eb t\u00eb prioritetit t\u00eb lart\u00eb strategjik, un\u00eb besoj se administrate e zotit Trump do tentoj\u00eb t\u2019i mbyll sa m\u00eb shpejt . Por ne n\u00ebse nuk d\u00ebshirojm\u00eb q\u00eb t\u00eb jemi bashk\u00ebpunues ata edhe mund t\u00eb t\u00ebrhiqen edhe mund t\u00eb thon\u00eb urdh\u00ebroni vazhdoni si shtet Sovran edhe grahni pun\u00ebve t\u00eb juaja n\u00eb qofshi t\u00eb zot\u00ebt me iu grah vet\u201d, tha Peci.<\/p>\n\n\n\n<p>AKur u pyet se p\u00ebr \u00e7far\u00eb t\u00ebrheqje b\u00ebhet fjal\u00eb, diplomatike apo politike, Peci tha edhe ushtarake<\/p>\n\n\n\n<p>\u201cE largon (KFOR-in nga Bonsteel), se \u00e7far\u00eb obligimi ka Amerika me na mbrojt neve e na me bo hajgare me mbrotjen amerikane.. ai thot\u00eb gjitha k\u00ebto pare po i harxhoj e po fleni qet\u00eb n\u00eb sht\u00ebpit\u00eb tuaja e ju po b\u00ebni hajgare me mua . Un\u00eb besoj se administrata e re nuk do t\u00eb jet\u00eb fleksibile.\u201d, tha Peci n\u00eb tv21.<\/p>\n\n<div style=\"font-size: 0px; height: 0px; line-height: 0px; margin: 0; padding: 0; clear: both;\"><\/div>","protected":false},"excerpt":{"rendered":"<p>Drejtori i Institutit KIPRED, Lulzim Peci nuk p\u00ebrjashtoi mund\u00ebsin\u00eb q\u00eb presidenti Trump t\u00eb t\u00ebrheq trupat ushtarake amerikane nga Kosova, transmeton gazeta \u201cKosova Sot Online\u201d. Ai tha se&#8230; <\/p>\n","protected":false},"author":1,"featured_media":22393,"comment_status":"open","ping_status":"open","sticky":false,"template":"","format":"standard","meta":{"footnotes":""},"categories":[6],"tags":[],"class_list":["post-22392","post","type-post","status-publish","format-standard","has-post-thumbnail","hentry","category-lajme"],"_links":{"self":[{"href":"https:\/\/new.findnews5.com\/index.php?rest_route=\/wp\/v2\/posts\/22392","targetHints":{"allow":["GET"]}}],"collection":[{"href":"https:\/\/new.findnews5.com\/index.php?rest_route=\/wp\/v2\/posts"}],"about":[{"href":"https:\/\/new.findnews5.com\/index.php?rest_route=\/wp\/v2\/types\/post"}],"author":[{"embeddable":true,"href":"https:\/\/new.findnews5.com\/index.php?rest_route=\/wp\/v2\/users\/1"}],"replies":[{"embeddable":true,"href":"https:\/\/new.findnews5.com\/index.php?rest_route=%2Fwp%2Fv2%2Fcomments&post=22392"}],"version-history":[{"count":0,"href":"https:\/\/new.findnews5.com\/index.php?rest_route=\/wp\/v2\/posts\/22392\/revisions"}],"wp:featuredmedia":[{"embeddable":true,"href":"https:\/\/new.findnews5.com\/index.php?rest_route=\/wp\/v2\/media\/22393"}],"wp:attachment":[{"href":"https:\/\/new.findnews5.com\/index.php?rest_route=%2Fwp%2Fv2%2Fmedia&parent=22392"}],"wp:term":[{"taxonomy":"category","embeddable":true,"href":"https:\/\/new.findnews5.com\/index.php?rest_route=%2Fwp%2Fv2%2Fcategories&post=22392"},{"taxonomy":"post_tag","embeddable":true,"href":"https:\/\/new.findnews5.com\/index.php?rest_route=%2Fwp%2Fv2%2Ftags&post=22392"}],"curies":[{"name":"wp","href":"https:\/\/api.w.org\/{rel}","templated":true}]}}