{"id":22389,"date":"2025-01-23T20:37:24","date_gmt":"2025-01-23T20:37:24","guid":{"rendered":"https:\/\/new.findnews5.com\/?p=22389"},"modified":"2025-01-23T20:37:25","modified_gmt":"2025-01-23T20:37:25","slug":"detaji-per-melanian-i-cili-ju-ka-ikur-te-gjitheve-ne-naten-e-inagurimit-te-presidentit-trump","status":"publish","type":"post","link":"https:\/\/new.findnews5.com\/?p=22389","title":{"rendered":"Detaji per Melanian, i cili ju ka ikur te gjitheve ne naten e inagurimit te presidentit TRUMP"},"content":{"rendered":"<div class=\"78954ae5fa42b68c1393fe3da4998882\" data-index=\"1\" style=\"float: none; margin:0px 0 0px 0; text-align:center;\">\n<div data-type=\"_mgwidget\" data-widget-id=\"1576712\">\r\n<\/div>\r\n<script>(function(w,q){w[q]=w[q]||[];w[q].push([\"_mgc.load\"])})(window,\"_mgq\");\r\n<\/script>\r\n\n<\/div>\n\n<p>Zonja e Par\u00eb Melania Trump me siguri ktheu kok\u00ebn n\u00eb ceremonin\u00eb e dyt\u00eb t\u00eb inaugurimit t\u00eb bashk\u00ebshortit t\u00eb saj Donald Trump m\u00eb 20 janar. Ajo kishte veshur nj\u00eb kostum pantallonash bardh e zi t\u00eb mrekulluesh\u00ebm \u2013 i cili kushtonte nj\u00eb qindark\u00eb t\u00eb bukur, t\u00eb kompletuar me nj\u00eb kapel\u00eb me buz\u00eb t\u00eb gjer\u00eb.<\/p>\n\n\n\n<p>Veshja t\u00ebrhoqi krahasime me personazhin e Jim Carrey n\u00eb filmin The Mask, si dhe me Cillian Murphy n\u00eb Oppenheimer. Por nuk ishin vet\u00ebm zgjedhjet e saj t\u00eb mod\u00ebs q\u00eb t\u00ebrhoq\u00ebn v\u00ebmendjen e njer\u00ebzve \u2013 ekspert\u00ebt e kirurgjis\u00eb plastike si Dr. Sean McNally gjithashtu mor\u00ebn parasysh.<\/p>\n\n\n\n<p>Duke folur ekskluzivisht p\u00ebr The Express, kirurgu plastik i certifikuar nga bordi ndau mendimet e tij mbi procedurat e mundshme kozmetike t\u00eb Melanias. Ai tha: &#8220;P\u00ebr Melania, linja e nofull\u00ebs s\u00eb saj n\u00eb profilin e saj an\u00ebsor \u00ebsht\u00eb absolutisht e rr\u00ebmbyer p\u00ebr dik\u00eb q\u00eb \u00ebsht\u00eb 54 vje\u00e7.&#8221;<\/p>\n\n\n\n<p>Ai sugjeroi se kjo mund t\u00eb jet\u00eb p\u00ebr shkak t\u00eb kujdesit t\u00eb shk\u00eblqyer t\u00eb l\u00ebkur\u00ebs ose trajtimeve jo-invazive p\u00ebr shtr\u00ebngimin e l\u00ebkur\u00ebs.<\/p>\n\n\n\n<p id=\"amp-readmore-target\">However, he pointed out two details: \u201cHowever, if you look real close there\u2019s 2 things to note. (1) Her earlobe has what we call a pixie shape. There appears to be a very faint light line just in front of her ear running down to the edge of her earlobe.\u201d<\/p>\n\n\n\n<p>According to Dr. McNally, these signs could indicate a past mini facelift. He concluded by saying: \u201cIt\u2019s hard to tell if these are just natural findings for her since good side profile pictures of the First Lady without earrings or hair in the way are hard to come by.\u201d<\/p>\n\n\n\n<p>While Melania\u2019s outfit certainly turned heads, Ivanka Trump\u2019s outfit for her father\u2019s inauguration has some thinking it\u2019s a bad omen.<\/p>\n\n\n\n<p>The First Daughter has had some interesting looks for the inauguration festivities, like a&nbsp;custom Oscar de la Renta gown&nbsp;for the pre-inauguration dinner. She wore a beaded dress, which was sparkly and tight-fitting, as she&nbsp;mingled with the likes of Elon Musk and Jeff Bezos&nbsp;at the event.<\/p>\n\n<div style=\"font-size: 0px; height: 0px; line-height: 0px; margin: 0; padding: 0; clear: both;\"><\/div>","protected":false},"excerpt":{"rendered":"<p>Zonja e Par\u00eb Melania Trump me siguri ktheu kok\u00ebn n\u00eb ceremonin\u00eb e dyt\u00eb t\u00eb inaugurimit t\u00eb bashk\u00ebshortit t\u00eb saj Donald Trump m\u00eb 20 janar. Ajo kishte veshur&#8230; <\/p>\n","protected":false},"author":1,"featured_media":22387,"comment_status":"open","ping_status":"open","sticky":false,"template":"","format":"standard","meta":{"footnotes":""},"categories":[6],"tags":[],"class_list":["post-22389","post","type-post","status-publish","format-standard","has-post-thumbnail","hentry","category-lajme"],"_links":{"self":[{"href":"https:\/\/new.findnews5.com\/index.php?rest_route=\/wp\/v2\/posts\/22389","targetHints":{"allow":["GET"]}}],"collection":[{"href":"https:\/\/new.findnews5.com\/index.php?rest_route=\/wp\/v2\/posts"}],"about":[{"href":"https:\/\/new.findnews5.com\/index.php?rest_route=\/wp\/v2\/types\/post"}],"author":[{"embeddable":true,"href":"https:\/\/new.findnews5.com\/index.php?rest_route=\/wp\/v2\/users\/1"}],"replies":[{"embeddable":true,"href":"https:\/\/new.findnews5.com\/index.php?rest_route=%2Fwp%2Fv2%2Fcomments&post=22389"}],"version-history":[{"count":0,"href":"https:\/\/new.findnews5.com\/index.php?rest_route=\/wp\/v2\/posts\/22389\/revisions"}],"wp:featuredmedia":[{"embeddable":true,"href":"https:\/\/new.findnews5.com\/index.php?rest_route=\/wp\/v2\/media\/22387"}],"wp:attachment":[{"href":"https:\/\/new.findnews5.com\/index.php?rest_route=%2Fwp%2Fv2%2Fmedia&parent=22389"}],"wp:term":[{"taxonomy":"category","embeddable":true,"href":"https:\/\/new.findnews5.com\/index.php?rest_route=%2Fwp%2Fv2%2Fcategories&post=22389"},{"taxonomy":"post_tag","embeddable":true,"href":"https:\/\/new.findnews5.com\/index.php?rest_route=%2Fwp%2Fv2%2Ftags&post=22389"}],"curies":[{"name":"wp","href":"https:\/\/api.w.org\/{rel}","templated":true}]}}