{"id":22359,"date":"2024-11-12T10:48:27","date_gmt":"2024-11-12T10:48:27","guid":{"rendered":"https:\/\/new.findnews5.com\/?p=22359"},"modified":"2024-11-12T10:48:28","modified_gmt":"2024-11-12T10:48:28","slug":"ganja-kurtit-do-te-mbetesh-ne-histori-si-rrenc-ti-vec-nder-ske-je-turpi-i-ketij-vendi","status":"publish","type":"post","link":"https:\/\/new.findnews5.com\/?p=22359","title":{"rendered":"Ganja, Kurtit: Do t\u00eb mbetesh n\u00eb histori si rrenc, ti ve\u00e7 nder s\u2019ke \u2013 je turpi i k\u00ebtij vendi"},"content":{"rendered":"<div class=\"78954ae5fa42b68c1393fe3da4998882\" data-index=\"1\" style=\"float: none; margin:0px 0 0px 0; text-align:center;\">\n<div data-type=\"_mgwidget\" data-widget-id=\"1576712\">\r\n<\/div>\r\n<script>(function(w,q){w[q]=w[q]||[];w[q].push([\"_mgc.load\"])})(window,\"_mgq\");\r\n<\/script>\r\n\n<\/div>\n<p>Deputetja e PDK-s\u00eb, Ganimete Musliu, e ka quajtur kryeministrin e Kosov\u00ebs, Albin Kurtin, \u201crrenc\u201d. Gjat\u00eb fjal\u00ebs s\u00eb saj n\u00eb seanc\u00ebn e sotme, ajo u shpreh se nj\u00eb kryeminist\u00ebr q\u00eb ka nder e arsye t\u00eb sh\u00ebndosh\u00eb, e dor\u00ebzon karrigen e jo shtetin.<\/p>\n<p>\u201cTi Albin the \u201ce kam nderin q\u00eb po e \u00e7oj mandatin deri n\u00eb fund\u201d. Jo Albin, ti nuk ke nder, ti nuk e din \u00e7ka \u00ebsht\u00eb nderi, ti ke turp, turpin q\u00eb e ke mbajt\u00eb k\u00ebt\u00eb shtet peng me zero zhvillim, me dialog n\u00eb favor t\u00eb Serbis\u00eb, me sanksione nga BE-ja, me ministra antikushtetues\u201d.<\/p>\n<p>\u201cNj\u00eb kryeminist\u00ebr q\u00eb ka nder e arsye t\u00eb sh\u00ebndosh\u00eb e dor\u00ebzon karrigen nuk e dor\u00ebzon shtetin si ti Albin. Pes\u00eb vjet n\u00eb pushtet do t\u00eb mbahen n\u00eb mend si pes\u00eb vitet m\u00eb t\u00eb err\u00ebta t\u00eb ngritjes s\u00eb Kosov\u00ebs shtet. Do t\u00eb mbetesh n\u00eb histori si nj\u00eb rrenc destruktiv antishtet\u00ebror, antikomb\u00ebtar. Ti je turpi i k\u00ebtij vendi\u201d, tha Musliu n\u00eb Kuvend.<\/p>\n\n<div style=\"font-size: 0px; height: 0px; line-height: 0px; margin: 0; padding: 0; clear: both;\"><\/div>","protected":false},"excerpt":{"rendered":"<p>Deputetja e PDK-s\u00eb, Ganimete Musliu, e ka quajtur kryeministrin e Kosov\u00ebs, Albin Kurtin, \u201crrenc\u201d. Gjat\u00eb fjal\u00ebs s\u00eb saj n\u00eb seanc\u00ebn e sotme, ajo u shpreh se nj\u00eb&#8230; <\/p>\n","protected":false},"author":1,"featured_media":22360,"comment_status":"open","ping_status":"open","sticky":false,"template":"","format":"standard","meta":{"footnotes":""},"categories":[6],"tags":[],"class_list":["post-22359","post","type-post","status-publish","format-standard","has-post-thumbnail","hentry","category-lajme"],"_links":{"self":[{"href":"https:\/\/new.findnews5.com\/index.php?rest_route=\/wp\/v2\/posts\/22359","targetHints":{"allow":["GET"]}}],"collection":[{"href":"https:\/\/new.findnews5.com\/index.php?rest_route=\/wp\/v2\/posts"}],"about":[{"href":"https:\/\/new.findnews5.com\/index.php?rest_route=\/wp\/v2\/types\/post"}],"author":[{"embeddable":true,"href":"https:\/\/new.findnews5.com\/index.php?rest_route=\/wp\/v2\/users\/1"}],"replies":[{"embeddable":true,"href":"https:\/\/new.findnews5.com\/index.php?rest_route=%2Fwp%2Fv2%2Fcomments&post=22359"}],"version-history":[{"count":0,"href":"https:\/\/new.findnews5.com\/index.php?rest_route=\/wp\/v2\/posts\/22359\/revisions"}],"wp:featuredmedia":[{"embeddable":true,"href":"https:\/\/new.findnews5.com\/index.php?rest_route=\/wp\/v2\/media\/22360"}],"wp:attachment":[{"href":"https:\/\/new.findnews5.com\/index.php?rest_route=%2Fwp%2Fv2%2Fmedia&parent=22359"}],"wp:term":[{"taxonomy":"category","embeddable":true,"href":"https:\/\/new.findnews5.com\/index.php?rest_route=%2Fwp%2Fv2%2Fcategories&post=22359"},{"taxonomy":"post_tag","embeddable":true,"href":"https:\/\/new.findnews5.com\/index.php?rest_route=%2Fwp%2Fv2%2Ftags&post=22359"}],"curies":[{"name":"wp","href":"https:\/\/api.w.org\/{rel}","templated":true}]}}