{"id":22356,"date":"2024-11-12T10:41:16","date_gmt":"2024-11-12T10:41:16","guid":{"rendered":"https:\/\/new.findnews5.com\/?p=22356"},"modified":"2024-11-12T10:41:18","modified_gmt":"2024-11-12T10:41:18","slug":"rama-e-zelensky-te-buzqeqeshur-perqafimi-i-dy-lidereve-qe-vodhi-vemendjen-ne","status":"publish","type":"post","link":"https:\/\/new.findnews5.com\/?p=22356","title":{"rendered":"Rama e Zelensky t\u00eb buzq\u00ebqeshur, p\u00ebrqafimi i dy lider\u00ebve q\u00eb \u201cvodhi\u201d v\u00ebmendjen n\u00eb&#8230;"},"content":{"rendered":"<div class=\"78954ae5fa42b68c1393fe3da4998882\" data-index=\"1\" style=\"float: none; margin:0px 0 0px 0; text-align:center;\">\n<div data-type=\"_mgwidget\" data-widget-id=\"1576712\">\r\n<\/div>\r\n<script>(function(w,q){w[q]=w[q]||[];w[q].push([\"_mgc.load\"])})(window,\"_mgq\");\r\n<\/script>\r\n\n<\/div>\n<p>Kryeministri i vendit Edi Rama, i cili dit\u00ebn e djeshme ndodhej n\u00eb Budapest, i ka dhuruar Presidentit ukrainas Volodymyr Zelensky nj\u00eb p\u00ebrqafim ndryshe.<\/p>\n<p>N\u00eb foto Rama dhe Zelensky shihet n\u00eb buz\u00ebqeshur, nd\u00ebrsa pran\u00eb tyre ndodhet edhe presidenti i Qipros Nikos Christodoulides.<\/p>\n<p>N\u00eb kryeqytetin e Hungaris\u00eb u zhvillua samiti i pest\u00eb i Komunitetit Politik Evropian. Nd\u00ebrsa bota dhe ve\u00e7an\u00ebrisht rus\u00ebt, po pyesin n\u00ebse Amerika n\u00ebn drejtimin e Trump do t\u00eb shkurtoj\u00eb ndihm\u00ebn ushtarake p\u00ebr Ukrain\u00ebn, Kievi nuk ka nd\u00ebrmend t\u00eb dor\u00ebzohet para err\u00ebsir\u00ebs.<\/p>\n<p>Presidenti ukrainas foli me tone t\u00eb forta dhe vendimtare, duke apeluar q\u00eb t\u00eb mos dor\u00ebzohej para presionit p\u00ebr negociata t\u00eb shpejta me agresorin rus.<\/p>\n\n<div style=\"font-size: 0px; height: 0px; line-height: 0px; margin: 0; padding: 0; clear: both;\"><\/div>","protected":false},"excerpt":{"rendered":"<p>Kryeministri i vendit Edi Rama, i cili dit\u00ebn e djeshme ndodhej n\u00eb Budapest, i ka dhuruar Presidentit ukrainas Volodymyr Zelensky nj\u00eb p\u00ebrqafim ndryshe. N\u00eb foto Rama dhe&#8230; <\/p>\n","protected":false},"author":1,"featured_media":22357,"comment_status":"open","ping_status":"open","sticky":false,"template":"","format":"standard","meta":{"footnotes":""},"categories":[6],"tags":[],"class_list":["post-22356","post","type-post","status-publish","format-standard","has-post-thumbnail","hentry","category-lajme"],"_links":{"self":[{"href":"https:\/\/new.findnews5.com\/index.php?rest_route=\/wp\/v2\/posts\/22356","targetHints":{"allow":["GET"]}}],"collection":[{"href":"https:\/\/new.findnews5.com\/index.php?rest_route=\/wp\/v2\/posts"}],"about":[{"href":"https:\/\/new.findnews5.com\/index.php?rest_route=\/wp\/v2\/types\/post"}],"author":[{"embeddable":true,"href":"https:\/\/new.findnews5.com\/index.php?rest_route=\/wp\/v2\/users\/1"}],"replies":[{"embeddable":true,"href":"https:\/\/new.findnews5.com\/index.php?rest_route=%2Fwp%2Fv2%2Fcomments&post=22356"}],"version-history":[{"count":0,"href":"https:\/\/new.findnews5.com\/index.php?rest_route=\/wp\/v2\/posts\/22356\/revisions"}],"wp:featuredmedia":[{"embeddable":true,"href":"https:\/\/new.findnews5.com\/index.php?rest_route=\/wp\/v2\/media\/22357"}],"wp:attachment":[{"href":"https:\/\/new.findnews5.com\/index.php?rest_route=%2Fwp%2Fv2%2Fmedia&parent=22356"}],"wp:term":[{"taxonomy":"category","embeddable":true,"href":"https:\/\/new.findnews5.com\/index.php?rest_route=%2Fwp%2Fv2%2Fcategories&post=22356"},{"taxonomy":"post_tag","embeddable":true,"href":"https:\/\/new.findnews5.com\/index.php?rest_route=%2Fwp%2Fv2%2Ftags&post=22356"}],"curies":[{"name":"wp","href":"https:\/\/api.w.org\/{rel}","templated":true}]}}