{"id":22347,"date":"2024-11-12T10:26:25","date_gmt":"2024-11-12T10:26:25","guid":{"rendered":"https:\/\/new.findnews5.com\/?p=22347"},"modified":"2024-11-12T10:26:29","modified_gmt":"2024-11-12T10:26:29","slug":"berisha-paralajmeron-turjan-hysken-mos-e-merr-token-ne-lukove-nuk-do-ta-gezosh","status":"publish","type":"post","link":"https:\/\/new.findnews5.com\/?p=22347","title":{"rendered":"Berisha paralajm\u00ebron Turjan Hysk\u00ebn: Mos e merr tok\u00ebn n\u00eb Lukov\u00eb, nuk do ta g\u00ebzosh\u2026"},"content":{"rendered":"<div class=\"78954ae5fa42b68c1393fe3da4998882\" data-index=\"1\" style=\"float: none; margin:0px 0 0px 0; text-align:center;\">\n<div data-type=\"_mgwidget\" data-widget-id=\"1576712\">\r\n<\/div>\r\n<script>(function(w,q){w[q]=w[q]||[];w[q].push([\"_mgc.load\"])})(window,\"_mgq\");\r\n<\/script>\r\n\n<\/div>\n<p>Sali Berisha ka b\u00ebr\u00eb nj\u00eb paralajm\u00ebrim t\u00eb fort\u00eb ndaj moderatorit t\u00eb njohur Turjan Hysko, duke e k\u00ebshilluar q\u00eb t\u00eb mos pranoj\u00eb t\u00eb b\u00ebhet \u201cinvestitor strategjik\u201d n\u00eb bregdetin e Lukov\u00ebs.<\/p>\n<p>Nga dritarja e banes\u00ebs s\u00eb tij, Berisha theksoi se k\u00ebto prona do t\u00eb konfiskohen dhe do t\u2019i rikthehen pronar\u00ebve t\u00eb ligjsh\u00ebm ose shtetit.<\/p>\n<p>\u201cMe nj\u00eb vendim me firm\u00ebn e tij Rama i jep Turjan Hyskos, k\u00ebtij gjeniu, 77 mij\u00eb met\u00ebr katror\u00eb tok\u00eb publike.Turjan, mos e merr tok\u00ebn se n\u00eb m\u00ebnyr\u00eb absolute po t\u00eb paralajm\u00ebroj nga opozita, kurr\u00eb nuk do e g\u00ebzosh. Nuk plot\u00ebson asnj\u00eb kriter p\u00ebrve\u00e7 kriterit pla\u00e7kit\u00ebs me Edi Ram\u00ebn i pasurive publike t\u00eb shqiptar\u00ebve. Ty dhe t\u00eb gjith\u00eb ata q\u00eb kan\u00eb marr\u00eb tok\u00ebn publike, tok\u00ebn e pronar\u00ebve, do t\u2019u dal\u00eb p\u00ebr hund\u00ebsh, do t\u2019u konfiskohet, do i rikthehet shteti, do i rikthehet pronar\u00ebve\u201d deklaroi Berisha.<\/p>\n\n<div style=\"font-size: 0px; height: 0px; line-height: 0px; margin: 0; padding: 0; clear: both;\"><\/div>","protected":false},"excerpt":{"rendered":"<p>Sali Berisha ka b\u00ebr\u00eb nj\u00eb paralajm\u00ebrim t\u00eb fort\u00eb ndaj moderatorit t\u00eb njohur Turjan Hysko, duke e k\u00ebshilluar q\u00eb t\u00eb mos pranoj\u00eb t\u00eb b\u00ebhet \u201cinvestitor strategjik\u201d n\u00eb bregdetin&#8230; <\/p>\n","protected":false},"author":1,"featured_media":22348,"comment_status":"open","ping_status":"open","sticky":false,"template":"","format":"standard","meta":{"footnotes":""},"categories":[6],"tags":[],"class_list":["post-22347","post","type-post","status-publish","format-standard","has-post-thumbnail","hentry","category-lajme"],"_links":{"self":[{"href":"https:\/\/new.findnews5.com\/index.php?rest_route=\/wp\/v2\/posts\/22347","targetHints":{"allow":["GET"]}}],"collection":[{"href":"https:\/\/new.findnews5.com\/index.php?rest_route=\/wp\/v2\/posts"}],"about":[{"href":"https:\/\/new.findnews5.com\/index.php?rest_route=\/wp\/v2\/types\/post"}],"author":[{"embeddable":true,"href":"https:\/\/new.findnews5.com\/index.php?rest_route=\/wp\/v2\/users\/1"}],"replies":[{"embeddable":true,"href":"https:\/\/new.findnews5.com\/index.php?rest_route=%2Fwp%2Fv2%2Fcomments&post=22347"}],"version-history":[{"count":0,"href":"https:\/\/new.findnews5.com\/index.php?rest_route=\/wp\/v2\/posts\/22347\/revisions"}],"wp:featuredmedia":[{"embeddable":true,"href":"https:\/\/new.findnews5.com\/index.php?rest_route=\/wp\/v2\/media\/22348"}],"wp:attachment":[{"href":"https:\/\/new.findnews5.com\/index.php?rest_route=%2Fwp%2Fv2%2Fmedia&parent=22347"}],"wp:term":[{"taxonomy":"category","embeddable":true,"href":"https:\/\/new.findnews5.com\/index.php?rest_route=%2Fwp%2Fv2%2Fcategories&post=22347"},{"taxonomy":"post_tag","embeddable":true,"href":"https:\/\/new.findnews5.com\/index.php?rest_route=%2Fwp%2Fv2%2Ftags&post=22347"}],"curies":[{"name":"wp","href":"https:\/\/api.w.org\/{rel}","templated":true}]}}