{"id":22344,"date":"2024-11-12T10:23:46","date_gmt":"2024-11-12T10:23:46","guid":{"rendered":"https:\/\/new.findnews5.com\/?p=22344"},"modified":"2024-11-12T10:23:48","modified_gmt":"2024-11-12T10:23:48","slug":"kur-do-bjere-debora-e-pare-ne-shqiperi-sinoptikania-zbulon-surprizat-e-motit-diten","status":"publish","type":"post","link":"https:\/\/new.findnews5.com\/?p=22344","title":{"rendered":"Kur do bjer\u00eb d\u00ebbora e par\u00eb n\u00eb Shqip\u00ebri? Sinoptikania zbulon surprizat e motit: Dit\u00ebn\u2026"},"content":{"rendered":"<div class=\"78954ae5fa42b68c1393fe3da4998882\" data-index=\"1\" style=\"float: none; margin:0px 0 0px 0; text-align:center;\">\n<div data-type=\"_mgwidget\" data-widget-id=\"1576712\">\r\n<\/div>\r\n<script>(function(w,q){w[q]=w[q]||[];w[q].push([\"_mgc.load\"])})(window,\"_mgq\");\r\n<\/script>\r\n\n<\/div>\n<p>Kemi p\u00ebrpara nj\u00eb jav\u00eb dinamike q\u00eb do i ket\u00eb t\u00eb gjitha: Diellin, rrebeshet e shiut, stuhi detare e madje edhe d\u00ebbor\u00eb n\u00eb zonat malore. <\/p>\n<p>Sinioptikanja Lajda Porja thot\u00eb se dita e m\u00ebrkura dhe e enjtja do t\u00eb kemi reshje shiu dhe po ashtu d\u00ebbor\u00eb n\u00eb disa zona malore. <\/p>\n<p>&#8220;Dita e m\u00ebrkur\u00eb dhe dita e enjte do t\u00eb sjell\u00eb komplet ndryshim t\u00eb motit dhe t\u00eb tablos\u00eb termike. Nga m\u00ebngjese realitivisht t\u00eb fresk\u00ebta me diell, t\u00eb m\u00ebrkur\u00ebn dhe t\u00eb enjten, nj\u00eb sistem vran\u00ebsirash do t\u00eb vendoset n\u00eb territorin shqiptar duke sjell\u00eb reshje. M\u00eb prezente do t\u00eb jen\u00eb dit\u00ebn e m\u00ebrkur\u00eb ku nuk p\u00ebrjashtohen rrebeshet. Parashikohet q\u00eb t\u00eb kemi stuhi detare p\u00ebr shkak se do t\u00eb kemi nj\u00eb forcim t\u00eb ndjesh\u00ebm t\u00eb parametrit t\u00eb er\u00ebs. Parashikohet q\u00eb dita e enjte t\u00eb ul\u00eb intensitetin e reshjeve, megjithat\u00eb do t\u00eb shfaqen n\u00eb zona malore edhe reshje d\u00ebbore, t\u00eb cilat do j\u00ebn\u00eb kryesisht midis mbr\u00ebmjes t\u00eb s\u00eb m\u00ebrkur\u00ebs dhe m\u00ebngjesit t\u00eb dit\u00ebs s\u00eb enjte. Dita e premte dhe fundjava p\u00ebrmir\u00ebson kushtet e motit dhe na rikthen diellin&#8221;, tha Porja.<\/p>\n\n<div style=\"font-size: 0px; height: 0px; line-height: 0px; margin: 0; padding: 0; clear: both;\"><\/div>","protected":false},"excerpt":{"rendered":"<p>Kemi p\u00ebrpara nj\u00eb jav\u00eb dinamike q\u00eb do i ket\u00eb t\u00eb gjitha: Diellin, rrebeshet e shiut, stuhi detare e madje edhe d\u00ebbor\u00eb n\u00eb zonat malore. Sinioptikanja Lajda Porja&#8230; <\/p>\n","protected":false},"author":1,"featured_media":22345,"comment_status":"open","ping_status":"open","sticky":false,"template":"","format":"standard","meta":{"footnotes":""},"categories":[6],"tags":[],"class_list":["post-22344","post","type-post","status-publish","format-standard","has-post-thumbnail","hentry","category-lajme"],"_links":{"self":[{"href":"https:\/\/new.findnews5.com\/index.php?rest_route=\/wp\/v2\/posts\/22344","targetHints":{"allow":["GET"]}}],"collection":[{"href":"https:\/\/new.findnews5.com\/index.php?rest_route=\/wp\/v2\/posts"}],"about":[{"href":"https:\/\/new.findnews5.com\/index.php?rest_route=\/wp\/v2\/types\/post"}],"author":[{"embeddable":true,"href":"https:\/\/new.findnews5.com\/index.php?rest_route=\/wp\/v2\/users\/1"}],"replies":[{"embeddable":true,"href":"https:\/\/new.findnews5.com\/index.php?rest_route=%2Fwp%2Fv2%2Fcomments&post=22344"}],"version-history":[{"count":0,"href":"https:\/\/new.findnews5.com\/index.php?rest_route=\/wp\/v2\/posts\/22344\/revisions"}],"wp:featuredmedia":[{"embeddable":true,"href":"https:\/\/new.findnews5.com\/index.php?rest_route=\/wp\/v2\/media\/22345"}],"wp:attachment":[{"href":"https:\/\/new.findnews5.com\/index.php?rest_route=%2Fwp%2Fv2%2Fmedia&parent=22344"}],"wp:term":[{"taxonomy":"category","embeddable":true,"href":"https:\/\/new.findnews5.com\/index.php?rest_route=%2Fwp%2Fv2%2Fcategories&post=22344"},{"taxonomy":"post_tag","embeddable":true,"href":"https:\/\/new.findnews5.com\/index.php?rest_route=%2Fwp%2Fv2%2Ftags&post=22344"}],"curies":[{"name":"wp","href":"https:\/\/api.w.org\/{rel}","templated":true}]}}