{"id":22341,"date":"2024-11-12T10:21:54","date_gmt":"2024-11-12T10:21:54","guid":{"rendered":"https:\/\/new.findnews5.com\/?p=22341"},"modified":"2024-11-12T10:21:56","modified_gmt":"2024-11-12T10:21:56","slug":"pritja-merr-fund-sapo-nisen-reshjet-e-para-te-debores-ne-kete-zone-te-shqiperise","status":"publish","type":"post","link":"https:\/\/new.findnews5.com\/?p=22341","title":{"rendered":"Pritja merr fund! Sapo nis\u00ebn reshjet e para t\u00eb d\u00ebbor\u00ebs n\u00eb k\u00ebt\u00eb zon\u00eb t\u00eb Shqip\u00ebris\u00eb\u2026"},"content":{"rendered":"<div class=\"78954ae5fa42b68c1393fe3da4998882\" data-index=\"1\" style=\"float: none; margin:0px 0 0px 0; text-align:center;\">\n<div data-type=\"_mgwidget\" data-widget-id=\"1576712\">\r\n<\/div>\r\n<script>(function(w,q){w[q]=w[q]||[];w[q].push([\"_mgc.load\"])})(window,\"_mgq\");\r\n<\/script>\r\n\n<\/div>\n<p>Ulja e temperaturave ka sjell\u00eb reshjet e para t\u00eb bor\u00ebs n\u00eb fshatin turistik Dardh\u00eb t\u00eb Kor\u00e7\u00ebs.<\/p>\n<p>Sipas raportimeve zona e jug-lindjes dhe ve\u00e7an\u00ebrisht n\u00eb Dardh\u00eb kan\u00eb nisur flok\u00ebt e para t\u00eb d\u00ebbor\u00ebs p\u00ebr k\u00ebt\u00eb sezon dimri. Pasditen e sotme reshjet kan\u00eb qen\u00eb t\u00eb pakta por sinoptikan\u00ebt lokal\u00eb b\u00ebjn\u00eb me dije se dit\u00ebt n\u00eb vijim reshjet do t\u00eb jen\u00eb prezente n\u00eb form\u00eb m\u00eb intensive n\u00eb lart\u00ebsit\u00eb mbi 1400 m2 mbi nivelin e detit.<\/p>\n<p>Dit\u00ebn e sotme temperaturat kan\u00eb zbritur deri n\u00eb \u2013 1 grade n\u00eb or\u00ebt e para t\u00eb m\u00ebngjesit nd\u00ebrkoh\u00eb q\u00eb gjat\u00eb fundjav\u00ebs parashikohet t\u00eb shkojn\u00eb deri n\u00eb \u2013 4 grad\u00eb celsius.<\/p>\n<p>Meteorologia Lajda Proja tha se gjat\u00eb k\u00ebsaj jave pritet t\u00eb kemi rrebeshe shiu n\u00eb t\u00eb gjith\u00eb territorin dhe d\u00ebbor\u00eb n\u00eb zonat malore.<\/p>\n\n<div style=\"font-size: 0px; height: 0px; line-height: 0px; margin: 0; padding: 0; clear: both;\"><\/div>","protected":false},"excerpt":{"rendered":"<p>Ulja e temperaturave ka sjell\u00eb reshjet e para t\u00eb bor\u00ebs n\u00eb fshatin turistik Dardh\u00eb t\u00eb Kor\u00e7\u00ebs. Sipas raportimeve zona e jug-lindjes dhe ve\u00e7an\u00ebrisht n\u00eb Dardh\u00eb kan\u00eb nisur&#8230; <\/p>\n","protected":false},"author":1,"featured_media":22342,"comment_status":"open","ping_status":"open","sticky":false,"template":"","format":"standard","meta":{"footnotes":""},"categories":[6],"tags":[],"class_list":["post-22341","post","type-post","status-publish","format-standard","has-post-thumbnail","hentry","category-lajme"],"_links":{"self":[{"href":"https:\/\/new.findnews5.com\/index.php?rest_route=\/wp\/v2\/posts\/22341","targetHints":{"allow":["GET"]}}],"collection":[{"href":"https:\/\/new.findnews5.com\/index.php?rest_route=\/wp\/v2\/posts"}],"about":[{"href":"https:\/\/new.findnews5.com\/index.php?rest_route=\/wp\/v2\/types\/post"}],"author":[{"embeddable":true,"href":"https:\/\/new.findnews5.com\/index.php?rest_route=\/wp\/v2\/users\/1"}],"replies":[{"embeddable":true,"href":"https:\/\/new.findnews5.com\/index.php?rest_route=%2Fwp%2Fv2%2Fcomments&post=22341"}],"version-history":[{"count":0,"href":"https:\/\/new.findnews5.com\/index.php?rest_route=\/wp\/v2\/posts\/22341\/revisions"}],"wp:featuredmedia":[{"embeddable":true,"href":"https:\/\/new.findnews5.com\/index.php?rest_route=\/wp\/v2\/media\/22342"}],"wp:attachment":[{"href":"https:\/\/new.findnews5.com\/index.php?rest_route=%2Fwp%2Fv2%2Fmedia&parent=22341"}],"wp:term":[{"taxonomy":"category","embeddable":true,"href":"https:\/\/new.findnews5.com\/index.php?rest_route=%2Fwp%2Fv2%2Fcategories&post=22341"},{"taxonomy":"post_tag","embeddable":true,"href":"https:\/\/new.findnews5.com\/index.php?rest_route=%2Fwp%2Fv2%2Ftags&post=22341"}],"curies":[{"name":"wp","href":"https:\/\/api.w.org\/{rel}","templated":true}]}}