{"id":22338,"date":"2024-11-12T10:20:09","date_gmt":"2024-11-12T10:20:09","guid":{"rendered":"https:\/\/new.findnews5.com\/?p=22338"},"modified":"2024-11-12T10:20:10","modified_gmt":"2024-11-12T10:20:10","slug":"lideret-e-opozites-ne-burg-vjen-nje-tjeter-shuplake-nga-gjermania-dhe-franca","status":"publish","type":"post","link":"https:\/\/new.findnews5.com\/?p=22338","title":{"rendered":"Lider\u00ebt e opozit\u00ebs n\u00eb burg\/ Vjen nj\u00eb tjet\u00ebr \u201cshuplak\u00eb\u201d nga Gjermania dhe Franca"},"content":{"rendered":"<div class=\"78954ae5fa42b68c1393fe3da4998882\" data-index=\"1\" style=\"float: none; margin:0px 0 0px 0; text-align:center;\">\n<div data-type=\"_mgwidget\" data-widget-id=\"1576712\">\r\n<\/div>\r\n<script>(function(w,q){w[q]=w[q]||[];w[q].push([\"_mgc.load\"])})(window,\"_mgq\");\r\n<\/script>\r\n\n<\/div>\n<p>Gjermania dhe Franca shpreh\u00ebn mb\u00ebshtetjen p\u00ebr pun\u00ebn e SPAK-ut q\u00eb s\u00eb fundmi ka arrestuar lider\u00ebt e opozit\u00ebs, Sali Berish\u00ebn dhe Ilir Met\u00ebn.<\/p>\n<p>P\u00ebr arrestimet n\u00eb nivele t\u00eb larta t\u00eb politik\u00ebs q\u00eb ka b\u00ebr\u00eb SPAK, Ambasadori i Gjermanis\u00eb, Karl Bergner u shpreh se \u201dSPAK \u00ebsht\u00eb nj\u00eb tregues i fort\u00eb p\u00ebr besimin q\u00eb do ken\u00eb shtetet an\u00ebtare t\u00eb BE-s\u00eb ndaj Shqip\u00ebris\u00eb. Q\u00ebndrueshm\u00ebria e institucioneve t\u00eb fuqishme, jo vet\u00ebm SPAK, por edhe institucione t\u00eb tjera ligjzbatuese, \u00ebsht\u00eb pjes\u00eb e transformimit t\u00eb aksesit n\u00eb BE. Ne e mb\u00ebshtesim dhe e vler\u00ebsojm\u00eb pun\u00ebn e SPAK\u201d.<\/p>\n<p>Ambasadorja e Franc\u00ebs, Catherine Suard u shpreh se BE-ja mb\u00ebshtet SPAK n\u00eb pun\u00ebn e r\u00ebnd\u00ebsishme q\u00eb po b\u00ebn.<\/p>\n<p>\u201dJemi t\u00eb lumtur p\u00ebr hapat e Shqip\u00ebris\u00eb n\u00eb BE dhe jemi t\u00eb bindur q\u00eb ato do vazhdojn\u00eb. Procesi i integrimit \u00ebsht\u00eb i r\u00ebnd\u00ebsish\u00ebm p\u00ebr transformimin e shoq\u00ebris\u00eb shqiptare. N\u00eb k\u00ebt\u00eb proces transformimi, Franca dhe Gjermani u japim ndihm\u00eb. Besoj se jemi dakord q\u00eb ne mb\u00ebshtesim pun\u00ebn e SPAK, BE e mb\u00ebshtet n\u00eb pun\u00ebn e r\u00ebnd\u00ebsishme q\u00eb po b\u00ebn\u201d, tha diplomatja franceze.<\/p>\n\n<div style=\"font-size: 0px; height: 0px; line-height: 0px; margin: 0; padding: 0; clear: both;\"><\/div>","protected":false},"excerpt":{"rendered":"<p>Gjermania dhe Franca shpreh\u00ebn mb\u00ebshtetjen p\u00ebr pun\u00ebn e SPAK-ut q\u00eb s\u00eb fundmi ka arrestuar lider\u00ebt e opozit\u00ebs, Sali Berish\u00ebn dhe Ilir Met\u00ebn. P\u00ebr arrestimet n\u00eb nivele t\u00eb&#8230; <\/p>\n","protected":false},"author":1,"featured_media":22339,"comment_status":"open","ping_status":"open","sticky":false,"template":"","format":"standard","meta":{"footnotes":""},"categories":[6],"tags":[],"class_list":["post-22338","post","type-post","status-publish","format-standard","has-post-thumbnail","hentry","category-lajme"],"_links":{"self":[{"href":"https:\/\/new.findnews5.com\/index.php?rest_route=\/wp\/v2\/posts\/22338","targetHints":{"allow":["GET"]}}],"collection":[{"href":"https:\/\/new.findnews5.com\/index.php?rest_route=\/wp\/v2\/posts"}],"about":[{"href":"https:\/\/new.findnews5.com\/index.php?rest_route=\/wp\/v2\/types\/post"}],"author":[{"embeddable":true,"href":"https:\/\/new.findnews5.com\/index.php?rest_route=\/wp\/v2\/users\/1"}],"replies":[{"embeddable":true,"href":"https:\/\/new.findnews5.com\/index.php?rest_route=%2Fwp%2Fv2%2Fcomments&post=22338"}],"version-history":[{"count":0,"href":"https:\/\/new.findnews5.com\/index.php?rest_route=\/wp\/v2\/posts\/22338\/revisions"}],"wp:featuredmedia":[{"embeddable":true,"href":"https:\/\/new.findnews5.com\/index.php?rest_route=\/wp\/v2\/media\/22339"}],"wp:attachment":[{"href":"https:\/\/new.findnews5.com\/index.php?rest_route=%2Fwp%2Fv2%2Fmedia&parent=22338"}],"wp:term":[{"taxonomy":"category","embeddable":true,"href":"https:\/\/new.findnews5.com\/index.php?rest_route=%2Fwp%2Fv2%2Fcategories&post=22338"},{"taxonomy":"post_tag","embeddable":true,"href":"https:\/\/new.findnews5.com\/index.php?rest_route=%2Fwp%2Fv2%2Ftags&post=22338"}],"curies":[{"name":"wp","href":"https:\/\/api.w.org\/{rel}","templated":true}]}}