{"id":22330,"date":"2024-10-30T21:45:37","date_gmt":"2024-10-30T21:45:37","guid":{"rendered":"https:\/\/new.findnews5.com\/?p=22330"},"modified":"2024-10-30T21:45:39","modified_gmt":"2024-10-30T21:45:39","slug":"55-euro-me-shume-nga-janari-110-nga-korriku-rritja-e-pagave-per-keto-kategori","status":"publish","type":"post","link":"https:\/\/new.findnews5.com\/?p=22330","title":{"rendered":"\u201c55 euro m\u00eb shum\u00eb nga janari, 110 nga korriku\u201d, Rritja e pagave p\u00ebr k\u00ebto kategori"},"content":{"rendered":"<div class=\"78954ae5fa42b68c1393fe3da4998882\" data-index=\"1\" style=\"float: none; margin:0px 0 0px 0; text-align:center;\">\n<div data-type=\"_mgwidget\" data-widget-id=\"1576712\">\r\n<\/div>\r\n<script>(function(w,q){w[q]=w[q]||[];w[q].push([\"_mgc.load\"])})(window,\"_mgq\");\r\n<\/script>\r\n\n<\/div>\n<p>Kryeministri i Kosov\u00ebs, Albin Kurti dhe Ministri i Financave kan\u00eb mbajtur konferenc\u00eb p\u00ebr media.<\/p>\n<p>N\u00eb fjal\u00ebn e tij para mediave, Murati \u00ebsht\u00eb shprehur se p\u00ebr rritjen e pagave ata kan\u00eb pasur biseda me Fondin Monetar Nd\u00ebrkomb\u00ebtar.<\/p>\n<p>M\u00eb tej Murati ka th\u00ebn\u00eb se rritja n\u00eb dy faza, nj\u00ebher\u00eb n\u00eb janar dhe nj\u00ebher\u00eb n\u00eb korrik.<\/p>\n<p>Ai ka ndar\u00eb edhe detaje, lidhur me at\u00eb se \u00e7far\u00eb page do t\u00eb ken\u00eb, m\u00ebsuesit, polic\u00ebt, infermier\u00ebt, zjarr\u00ebfik\u00ebsit dhe ushtar\u00ebt.<br \/>\nSipas propozimit t\u00eb qeveris\u00eb, polic\u00ebt tash kan\u00eb koeficientin 5.6 nd\u00ebrsa me buxhetin e ri do ta ken\u00eb 6.6 dhe do t\u00eb marrin pag\u00ebn baz\u00eb n\u00eb shum\u00ebn prej 726 eurosh.<\/p>\n<p>Polic\u00ebt me koeficientin e ri pag\u00ebn baz\u00eb do ta marrin 660 euro, infermier\u00ebt do t\u00eb marrin 715 euro, zjarr\u00ebfik\u00ebsit 660 euro, nd\u00ebrsa ushtar\u00ebt do t\u00eb marrin pag\u00eb 726 euro.<\/p>\n\n<div style=\"font-size: 0px; height: 0px; line-height: 0px; margin: 0; padding: 0; clear: both;\"><\/div>","protected":false},"excerpt":{"rendered":"<p>Kryeministri i Kosov\u00ebs, Albin Kurti dhe Ministri i Financave kan\u00eb mbajtur konferenc\u00eb p\u00ebr media. N\u00eb fjal\u00ebn e tij para mediave, Murati \u00ebsht\u00eb shprehur se p\u00ebr rritjen e&#8230; <\/p>\n","protected":false},"author":1,"featured_media":22331,"comment_status":"open","ping_status":"open","sticky":false,"template":"","format":"standard","meta":{"footnotes":""},"categories":[6],"tags":[],"class_list":["post-22330","post","type-post","status-publish","format-standard","has-post-thumbnail","hentry","category-lajme"],"_links":{"self":[{"href":"https:\/\/new.findnews5.com\/index.php?rest_route=\/wp\/v2\/posts\/22330","targetHints":{"allow":["GET"]}}],"collection":[{"href":"https:\/\/new.findnews5.com\/index.php?rest_route=\/wp\/v2\/posts"}],"about":[{"href":"https:\/\/new.findnews5.com\/index.php?rest_route=\/wp\/v2\/types\/post"}],"author":[{"embeddable":true,"href":"https:\/\/new.findnews5.com\/index.php?rest_route=\/wp\/v2\/users\/1"}],"replies":[{"embeddable":true,"href":"https:\/\/new.findnews5.com\/index.php?rest_route=%2Fwp%2Fv2%2Fcomments&post=22330"}],"version-history":[{"count":0,"href":"https:\/\/new.findnews5.com\/index.php?rest_route=\/wp\/v2\/posts\/22330\/revisions"}],"wp:featuredmedia":[{"embeddable":true,"href":"https:\/\/new.findnews5.com\/index.php?rest_route=\/wp\/v2\/media\/22331"}],"wp:attachment":[{"href":"https:\/\/new.findnews5.com\/index.php?rest_route=%2Fwp%2Fv2%2Fmedia&parent=22330"}],"wp:term":[{"taxonomy":"category","embeddable":true,"href":"https:\/\/new.findnews5.com\/index.php?rest_route=%2Fwp%2Fv2%2Fcategories&post=22330"},{"taxonomy":"post_tag","embeddable":true,"href":"https:\/\/new.findnews5.com\/index.php?rest_route=%2Fwp%2Fv2%2Ftags&post=22330"}],"curies":[{"name":"wp","href":"https:\/\/api.w.org\/{rel}","templated":true}]}}