{"id":22327,"date":"2024-10-30T21:21:58","date_gmt":"2024-10-30T21:21:58","guid":{"rendered":"https:\/\/new.findnews5.com\/?p=22327"},"modified":"2024-10-30T21:22:00","modified_gmt":"2024-10-30T21:22:00","slug":"drama-e-oreve-te-fundit-spanja-ne-nje-permbytje-qe-nuk-eshte-pare-prej-shekujsh","status":"publish","type":"post","link":"https:\/\/new.findnews5.com\/?p=22327","title":{"rendered":"DRAMA E OR\u00cbVE T\u00cb FUNDIT\/ Spanja n\u00eb nj\u00eb p\u00ebrmbytje q\u00eb nuk \u00ebsht\u00eb par\u00eb prej shekujsh"},"content":{"rendered":"<div class=\"78954ae5fa42b68c1393fe3da4998882\" data-index=\"1\" style=\"float: none; margin:0px 0 0px 0; text-align:center;\">\n<div data-type=\"_mgwidget\" data-widget-id=\"1576712\">\r\n<\/div>\r\n<script>(function(w,q){w[q]=w[q]||[];w[q].push([\"_mgc.load\"])})(window,\"_mgq\");\r\n<\/script>\r\n\n<\/div>\n\n<p>T\u00eb pakt\u00ebn 62 njer\u00ebz kan\u00eb vdekur nga p\u00ebrmbytjet si pasoj\u00eb e shirave t\u00eb rr\u00ebmbyeshme t\u00eb mart\u00ebn n\u00eb rajonin lindor t\u00eb Spanj\u00ebs, Valencia, njoftuan autoritetet t\u00eb m\u00ebrkur\u00ebn. Shirat e rr\u00ebmbyeshme gjat\u00eb dit\u00ebs s\u00eb mart\u00eb b\u00ebn\u00eb q\u00eb rrug\u00eb dhe qytete t\u00eb p\u00ebrmbyten. Pamje t\u00eb publikuara n\u00eb rrjetet sociale shfaq\u00ebn njer\u00ebz q\u00eb kan\u00eb ngecur si pasoj\u00eb e p\u00ebrmbytjeve, disa prej t\u00eb cil\u00ebve duke u ngjitur n\u00eb pem\u00eb.<\/p>\n\n\n\n<p>\u201cP\u00ebr ata q\u00eb ende k\u00ebrkojn\u00eb t\u00eb dashurit e tyre, e gjith\u00eb Spanja \u00ebsht\u00eb me ju\u201d, tha kryeministri i Spanj\u00ebs, Pedro Sanchez, n\u00eb nj\u00eb fjalim televiziv.<\/p>\n\n\n\n<p>\u201cFshatrave dhe qyteteve t\u00eb shkat\u00ebrruara nga kjo tragjedi u them t\u00eb nj\u00ebjt\u00ebn gj\u00eb: S\u00eb bashku do t\u2019i rind\u00ebrtojm\u00eb rrug\u00ebt, sheshet, urat tuaja\u201d, tha ai.<\/p>\n\n\n\n<p>Carlos Mazon, shefi rajonal i Valencias, tha p\u00ebr shtyp se disa njer\u00ebz kan\u00eb mbetur t\u00eb ngujuar n\u00eb vende jo t\u00eb qasshme.<\/p>\n\n\n\n<p>\u201cN\u00ebse [sh\u00ebrbimet emergjente] nuk kan\u00eb mb\u00ebrritur, nuk \u00ebsht\u00eb si pasoj\u00eb e munges\u00ebs s\u00eb mjeteve, por p\u00ebr shkak t\u00eb qasjes\u201d, tha Mazon, duke shtuar se arritja n\u00eb disa zona \u00ebsht\u00eb \u201cplot\u00ebsisht e pamundur\u201d.<\/p>\n\n\n\n<p>Sh\u00ebrbimet emergjente n\u00eb rajon u b\u00ebn\u00eb thirrje qytetar\u00ebve ta shmangin udh\u00ebtimin rrug\u00ebve dhe u k\u00ebrkuan t\u2019i p\u00ebrcjellin p\u00ebrdit\u00ebsimet shtes\u00eb nga burimet zyrtare. Transporti me tren n\u00eb qytetet Madrid dhe Barcelon\u00eb \u00ebsht\u00eb anuluar p\u00ebr shkak t\u00eb v\u00ebrshimeve, nd\u00ebrsa shkollat dhe sh\u00ebrbimet e tjera thelb\u00ebsore jan\u00eb pezulluar n\u00eb zonat m\u00eb t\u00eb goditura. Instituti Meteorologjik i Spanj\u00ebs, AEMET, shpalli alarm t\u00eb kuq n\u00eb Valencia.<\/p>\n\n\n\n<p>Duket se ky \u00ebsht\u00eb numri m\u00eb i madh i t\u00eb vdekurve n\u00eb Evrop\u00eb nga p\u00ebrmbytjet q\u00eb prej vitit 2021, kur gati 200 njer\u00ebz vdiq\u00ebn, kryesisht n\u00eb Gjermani. Shkenc\u00ebtar\u00ebt thon\u00eb se fatkeq\u00ebsit\u00eb natyrore n\u00eb rajon po shpeshtohen p\u00ebr shkak t\u00eb ndryshimeve klimatike. Meteorolog\u00ebt mendojn\u00eb se ngrohja e Mesdheut, e cila e rrit avullimin e ujit, b\u00ebn q\u00eb shirat e rr\u00ebmbyeshme t\u00eb jen\u00eb shum\u00eb m\u00eb t\u00eb m\u00ebdha.\/ REL<\/p>\n\n<div style=\"font-size: 0px; height: 0px; line-height: 0px; margin: 0; padding: 0; clear: both;\"><\/div>","protected":false},"excerpt":{"rendered":"<p>T\u00eb pakt\u00ebn 62 njer\u00ebz kan\u00eb vdekur nga p\u00ebrmbytjet si pasoj\u00eb e shirave t\u00eb rr\u00ebmbyeshme t\u00eb mart\u00ebn n\u00eb rajonin lindor t\u00eb Spanj\u00ebs, Valencia, njoftuan autoritetet t\u00eb m\u00ebrkur\u00ebn. Shirat&#8230; <\/p>\n","protected":false},"author":1,"featured_media":22328,"comment_status":"open","ping_status":"open","sticky":false,"template":"","format":"standard","meta":{"footnotes":""},"categories":[6],"tags":[],"class_list":["post-22327","post","type-post","status-publish","format-standard","has-post-thumbnail","hentry","category-lajme"],"_links":{"self":[{"href":"https:\/\/new.findnews5.com\/index.php?rest_route=\/wp\/v2\/posts\/22327","targetHints":{"allow":["GET"]}}],"collection":[{"href":"https:\/\/new.findnews5.com\/index.php?rest_route=\/wp\/v2\/posts"}],"about":[{"href":"https:\/\/new.findnews5.com\/index.php?rest_route=\/wp\/v2\/types\/post"}],"author":[{"embeddable":true,"href":"https:\/\/new.findnews5.com\/index.php?rest_route=\/wp\/v2\/users\/1"}],"replies":[{"embeddable":true,"href":"https:\/\/new.findnews5.com\/index.php?rest_route=%2Fwp%2Fv2%2Fcomments&post=22327"}],"version-history":[{"count":0,"href":"https:\/\/new.findnews5.com\/index.php?rest_route=\/wp\/v2\/posts\/22327\/revisions"}],"wp:featuredmedia":[{"embeddable":true,"href":"https:\/\/new.findnews5.com\/index.php?rest_route=\/wp\/v2\/media\/22328"}],"wp:attachment":[{"href":"https:\/\/new.findnews5.com\/index.php?rest_route=%2Fwp%2Fv2%2Fmedia&parent=22327"}],"wp:term":[{"taxonomy":"category","embeddable":true,"href":"https:\/\/new.findnews5.com\/index.php?rest_route=%2Fwp%2Fv2%2Fcategories&post=22327"},{"taxonomy":"post_tag","embeddable":true,"href":"https:\/\/new.findnews5.com\/index.php?rest_route=%2Fwp%2Fv2%2Ftags&post=22327"}],"curies":[{"name":"wp","href":"https:\/\/api.w.org\/{rel}","templated":true}]}}