{"id":22324,"date":"2024-10-30T21:12:24","date_gmt":"2024-10-30T21:12:24","guid":{"rendered":"https:\/\/new.findnews5.com\/?p=22324"},"modified":"2024-10-30T21:12:25","modified_gmt":"2024-10-30T21:12:25","slug":"lajm-tragjik-humbin-jeten-ne-aksident-prinderit-e-alban-bushit","status":"publish","type":"post","link":"https:\/\/new.findnews5.com\/?p=22324","title":{"rendered":"LAJM TRAGJIK! Humbin jet\u00ebn n\u00eb aksident prind\u00ebrit e Alban Bushit"},"content":{"rendered":"<div class=\"78954ae5fa42b68c1393fe3da4998882\" data-index=\"1\" style=\"float: none; margin:0px 0 0px 0; text-align:center;\">\n<div data-type=\"_mgwidget\" data-widget-id=\"1576712\">\r\n<\/div>\r\n<script>(function(w,q){w[q]=w[q]||[];w[q].push([\"_mgc.load\"])})(window,\"_mgq\");\r\n<\/script>\r\n\n<\/div>\n\n<p>Kan\u00eb humbur jet\u00ebn n\u00eb nj\u00eb aksident tragjik prind\u00ebrit e trajnerit t\u00eb Komb\u00ebtares U-21, Alban Bushi. Aksidenti tragjik ka ndodhur n\u00eb rrug\u00ebn \u201cEgnatia\u201d n\u00eb aksin Veria \u2013 Selanik n\u00eb Greqi.<\/p>\n\n\n\n<p>Furgoni i drejtuar nga 47-vjecari grek Marios Simitliotis \u00ebsht\u00eb p\u00ebrplasur me automjetin tip \u201cMercedes-Benz\u201d me targa shqiptare \u201cAB 454 GF\u201d q\u00eb drejtohej nga Ali Bushi.<\/p>\n\n\n\n<p>Si pasoj\u00eb e p\u00ebrplasjes kan\u00eb humbur jet\u00ebn 75-vjecari Ali Bushi dhe pasagjerja 71-vjecare Bukurije Bushi. I plagosur leht\u00eb ka mbetur edhe shtetasi grek, i cili \u00ebsht\u00eb arrestuar nga policia.<\/p>\n\n\n\n<p>T\u00eb ndierit Ali Bushi dhe Bukurije Bushi jan\u00eb prind\u00ebrit e ish-futbollistit t\u00eb Komb\u00ebtares, Alban Bushi. Stafi \u201c<strong>RILINDJE.info<\/strong>\u201d shpreh ngush\u00ebllime t\u00eb sinqerta p\u00ebr familjen Bushi.<\/p>\n\n<div style=\"font-size: 0px; height: 0px; line-height: 0px; margin: 0; padding: 0; clear: both;\"><\/div>","protected":false},"excerpt":{"rendered":"<p>Kan\u00eb humbur jet\u00ebn n\u00eb nj\u00eb aksident tragjik prind\u00ebrit e trajnerit t\u00eb Komb\u00ebtares U-21, Alban Bushi. Aksidenti tragjik ka ndodhur n\u00eb rrug\u00ebn \u201cEgnatia\u201d n\u00eb aksin Veria \u2013 Selanik&#8230; <\/p>\n","protected":false},"author":1,"featured_media":22325,"comment_status":"open","ping_status":"open","sticky":false,"template":"","format":"standard","meta":{"footnotes":""},"categories":[6],"tags":[],"class_list":["post-22324","post","type-post","status-publish","format-standard","has-post-thumbnail","hentry","category-lajme"],"_links":{"self":[{"href":"https:\/\/new.findnews5.com\/index.php?rest_route=\/wp\/v2\/posts\/22324","targetHints":{"allow":["GET"]}}],"collection":[{"href":"https:\/\/new.findnews5.com\/index.php?rest_route=\/wp\/v2\/posts"}],"about":[{"href":"https:\/\/new.findnews5.com\/index.php?rest_route=\/wp\/v2\/types\/post"}],"author":[{"embeddable":true,"href":"https:\/\/new.findnews5.com\/index.php?rest_route=\/wp\/v2\/users\/1"}],"replies":[{"embeddable":true,"href":"https:\/\/new.findnews5.com\/index.php?rest_route=%2Fwp%2Fv2%2Fcomments&post=22324"}],"version-history":[{"count":0,"href":"https:\/\/new.findnews5.com\/index.php?rest_route=\/wp\/v2\/posts\/22324\/revisions"}],"wp:featuredmedia":[{"embeddable":true,"href":"https:\/\/new.findnews5.com\/index.php?rest_route=\/wp\/v2\/media\/22325"}],"wp:attachment":[{"href":"https:\/\/new.findnews5.com\/index.php?rest_route=%2Fwp%2Fv2%2Fmedia&parent=22324"}],"wp:term":[{"taxonomy":"category","embeddable":true,"href":"https:\/\/new.findnews5.com\/index.php?rest_route=%2Fwp%2Fv2%2Fcategories&post=22324"},{"taxonomy":"post_tag","embeddable":true,"href":"https:\/\/new.findnews5.com\/index.php?rest_route=%2Fwp%2Fv2%2Ftags&post=22324"}],"curies":[{"name":"wp","href":"https:\/\/api.w.org\/{rel}","templated":true}]}}