{"id":22317,"date":"2024-10-30T08:30:39","date_gmt":"2024-10-30T08:30:39","guid":{"rendered":"https:\/\/new.findnews5.com\/?p=22317"},"modified":"2024-10-30T08:30:43","modified_gmt":"2024-10-30T08:30:43","slug":"foto-7-vite-nga-humbja-e-adeles-mikja-e-saj-ben-postimin-prekes-kemi-kaq-shume-per-te-treguar","status":"publish","type":"post","link":"https:\/\/new.findnews5.com\/?p=22317","title":{"rendered":"FOTO\/ 7 vite nga humbja e Adel\u00ebs, mikja e saj b\u00ebn postimin prek\u00ebs: Kemi kaq shum\u00eb p\u00ebr t\u00eb treguar!"},"content":{"rendered":"<div class=\"78954ae5fa42b68c1393fe3da4998882\" data-index=\"1\" style=\"float: none; margin:0px 0 0px 0; text-align:center;\">\n<div data-type=\"_mgwidget\" data-widget-id=\"1576712\">\r\n<\/div>\r\n<script>(function(w,q){w[q]=w[q]||[];w[q].push([\"_mgc.load\"])})(window,\"_mgq\");\r\n<\/script>\r\n\n<\/div>\n<p>Lajmi tragjik i vdekjes s\u00eb saj t\u00eb parakohshme t\u00eb gazetares s\u00eb njohur, Adelajda Xhamani n\u00eb mosh\u00ebn 31-vje\u00e7are, la pas dhimbje t\u00eb m\u00ebdha, jo vet\u00ebm tek koleg\u00ebt e saj por preku dhe mbar\u00eb opinionin publik.<\/p>\n<p>Kur kan\u00eb kaluar 7 vite nga ikja e saj, mikja e saj gazetare, Iva Kalemi, e kujton me nj\u00eb postim prek\u00ebs n\u00eb rrjetet sociale, duke risjell\u00eb edhe disa foto t\u00eb Adel\u00ebs.<\/p>\n<p>\u2018Adel\u00eb asgj\u00eb nuk \u00ebsht\u00eb m\u00eb e drejt\u00eb n\u00eb k\u00ebt\u00eb bot\u00eb q\u00eb p\u00ebr pak ngjan virtuale me at\u00eb q\u00eb ti l\u00eb 7 vite te shkuara. Shum\u00eb objekte kan\u00eb ndryshuar nd\u00ebrsa disa ndjesi kan\u00eb mbetur aty si mungesa jote, njer\u00ebzit e tu q\u00eb t\u00eb desh\u00ebn aq shum\u00eb dhe syt\u00eb e tu n\u00eb zemr\u00ebn time.<\/p>\n<p>Kan\u00eb mbetur vet\u00ebm kujtimet dhe kaq shum\u00eb p\u00ebr t\u00eb treguar n\u00eb k\u00ebt\u00eb amulli vitesh ku njer\u00ebzit flasin, por nuk komunikojn\u00eb m\u00eb, d\u00ebshirojn\u00eb gjithk\u00ebnd, por nuk duan m\u00eb asnj\u00eb.<\/p>\n<p>T\u00eb gjith\u00eb kemi ndryshuar ve\u00e7 mirazhit t\u00ebnd t\u00eb fisnik e zemr\u00ebs t\u00ebnde t\u00eb bukur. T\u00eb dua ne pafund\u00ebsi\u2019, shkruan Iva.<\/p>\n\n<div style=\"font-size: 0px; height: 0px; line-height: 0px; margin: 0; padding: 0; clear: both;\"><\/div>","protected":false},"excerpt":{"rendered":"<p>Lajmi tragjik i vdekjes s\u00eb saj t\u00eb parakohshme t\u00eb gazetares s\u00eb njohur, Adelajda Xhamani n\u00eb mosh\u00ebn 31-vje\u00e7are, la pas dhimbje t\u00eb m\u00ebdha, jo vet\u00ebm tek koleg\u00ebt e&#8230; <\/p>\n","protected":false},"author":1,"featured_media":22318,"comment_status":"open","ping_status":"open","sticky":false,"template":"","format":"standard","meta":{"footnotes":""},"categories":[6],"tags":[],"class_list":["post-22317","post","type-post","status-publish","format-standard","has-post-thumbnail","hentry","category-lajme"],"_links":{"self":[{"href":"https:\/\/new.findnews5.com\/index.php?rest_route=\/wp\/v2\/posts\/22317","targetHints":{"allow":["GET"]}}],"collection":[{"href":"https:\/\/new.findnews5.com\/index.php?rest_route=\/wp\/v2\/posts"}],"about":[{"href":"https:\/\/new.findnews5.com\/index.php?rest_route=\/wp\/v2\/types\/post"}],"author":[{"embeddable":true,"href":"https:\/\/new.findnews5.com\/index.php?rest_route=\/wp\/v2\/users\/1"}],"replies":[{"embeddable":true,"href":"https:\/\/new.findnews5.com\/index.php?rest_route=%2Fwp%2Fv2%2Fcomments&post=22317"}],"version-history":[{"count":0,"href":"https:\/\/new.findnews5.com\/index.php?rest_route=\/wp\/v2\/posts\/22317\/revisions"}],"wp:featuredmedia":[{"embeddable":true,"href":"https:\/\/new.findnews5.com\/index.php?rest_route=\/wp\/v2\/media\/22318"}],"wp:attachment":[{"href":"https:\/\/new.findnews5.com\/index.php?rest_route=%2Fwp%2Fv2%2Fmedia&parent=22317"}],"wp:term":[{"taxonomy":"category","embeddable":true,"href":"https:\/\/new.findnews5.com\/index.php?rest_route=%2Fwp%2Fv2%2Fcategories&post=22317"},{"taxonomy":"post_tag","embeddable":true,"href":"https:\/\/new.findnews5.com\/index.php?rest_route=%2Fwp%2Fv2%2Ftags&post=22317"}],"curies":[{"name":"wp","href":"https:\/\/api.w.org\/{rel}","templated":true}]}}