{"id":22308,"date":"2024-10-30T08:16:58","date_gmt":"2024-10-30T08:16:58","guid":{"rendered":"https:\/\/new.findnews5.com\/?p=22308"},"modified":"2024-10-30T08:17:01","modified_gmt":"2024-10-30T08:17:01","slug":"u-qeiiua-me-thike-nga-vellai-ky-eshte-i-riu-qe-humbi-jeten-ne-prishtine-emri","status":"publish","type":"post","link":"https:\/\/new.findnews5.com\/?p=22308","title":{"rendered":"U q\u00ebIIua me thik\u00eb nga v\u00ebllai ky \u00ebsht\u00eb i riu q\u00eb humbi jet\u00ebn n\u00eb Prishtin\u00eb. Emri"},"content":{"rendered":"<div class=\"78954ae5fa42b68c1393fe3da4998882\" data-index=\"1\" style=\"float: none; margin:0px 0 0px 0; text-align:center;\">\n<div data-type=\"_mgwidget\" data-widget-id=\"1576712\">\r\n<\/div>\r\n<script>(function(w,q){w[q]=w[q]||[];w[q].push([\"_mgc.load\"])})(window,\"_mgq\");\r\n<\/script>\r\n\n<\/div>\n\n<p>Nj\u00eb ngjarje e r\u00ebnd\u00eb ndodhi mbr\u00ebmjen e kaluar n\u00eb Prishtin\u00eb. V\u00ebllai q\u00eblloi me thik\u00eb v\u00ebllain. Sipas mediave kosovare, ngjarja ka ndodhur n\u00eb rrug\u00ebn \u201cTirana\u201d n\u00eb Kompleksin Ramiz Sadiku n\u00eb Prishtin\u00eb. Raportohet se autori i dyshuar pasi ka goditur p\u00ebr vdekje t\u00eb v\u00ebllan\u00eb \u00ebsht\u00eb arrestuar dhe \u00ebsht\u00eb duke u trajtuar n\u00eb spital, pasi dhe ai ka marr\u00eb l\u00ebndime n\u00eb trup.<\/p>\n\n\n\n<p>Policia ka arritur t\u00eb identifikoj\u00eb t\u00eb dyshuarin, i cili doli t\u00eb jet\u00eb v\u00ebllai i viktim\u00ebs, Gent Miftari. Miftari po dyshohet se e theri disa her\u00eb me thik\u00eb v\u00ebllain e tij, p\u00ebr motive akoma t\u00eb panjohura. Auron Miftari mbeti i vdekur si pasoj\u00eb e therjes me thik\u00eb, pasi nuk arriti t\u2019i mbijetoj\u00eb plag\u00ebve. Policia tashm\u00eb ka nd\u00ebrmarr\u00eb veprimet e nevojshme n\u00eb koordinim me Prokurorin e Shtetit.<\/p>\n\n<div style=\"font-size: 0px; height: 0px; line-height: 0px; margin: 0; padding: 0; clear: both;\"><\/div>","protected":false},"excerpt":{"rendered":"<p>Nj\u00eb ngjarje e r\u00ebnd\u00eb ndodhi mbr\u00ebmjen e kaluar n\u00eb Prishtin\u00eb. V\u00ebllai q\u00eblloi me thik\u00eb v\u00ebllain. Sipas mediave kosovare, ngjarja ka ndodhur n\u00eb rrug\u00ebn \u201cTirana\u201d n\u00eb Kompleksin Ramiz&#8230; <\/p>\n","protected":false},"author":1,"featured_media":22309,"comment_status":"open","ping_status":"open","sticky":false,"template":"","format":"standard","meta":{"footnotes":""},"categories":[6],"tags":[],"class_list":["post-22308","post","type-post","status-publish","format-standard","has-post-thumbnail","hentry","category-lajme"],"_links":{"self":[{"href":"https:\/\/new.findnews5.com\/index.php?rest_route=\/wp\/v2\/posts\/22308","targetHints":{"allow":["GET"]}}],"collection":[{"href":"https:\/\/new.findnews5.com\/index.php?rest_route=\/wp\/v2\/posts"}],"about":[{"href":"https:\/\/new.findnews5.com\/index.php?rest_route=\/wp\/v2\/types\/post"}],"author":[{"embeddable":true,"href":"https:\/\/new.findnews5.com\/index.php?rest_route=\/wp\/v2\/users\/1"}],"replies":[{"embeddable":true,"href":"https:\/\/new.findnews5.com\/index.php?rest_route=%2Fwp%2Fv2%2Fcomments&post=22308"}],"version-history":[{"count":0,"href":"https:\/\/new.findnews5.com\/index.php?rest_route=\/wp\/v2\/posts\/22308\/revisions"}],"wp:featuredmedia":[{"embeddable":true,"href":"https:\/\/new.findnews5.com\/index.php?rest_route=\/wp\/v2\/media\/22309"}],"wp:attachment":[{"href":"https:\/\/new.findnews5.com\/index.php?rest_route=%2Fwp%2Fv2%2Fmedia&parent=22308"}],"wp:term":[{"taxonomy":"category","embeddable":true,"href":"https:\/\/new.findnews5.com\/index.php?rest_route=%2Fwp%2Fv2%2Fcategories&post=22308"},{"taxonomy":"post_tag","embeddable":true,"href":"https:\/\/new.findnews5.com\/index.php?rest_route=%2Fwp%2Fv2%2Ftags&post=22308"}],"curies":[{"name":"wp","href":"https:\/\/api.w.org\/{rel}","templated":true}]}}