{"id":22299,"date":"2024-10-30T07:59:28","date_gmt":"2024-10-30T07:59:28","guid":{"rendered":"https:\/\/new.findnews5.com\/?p=22299"},"modified":"2024-10-30T07:59:30","modified_gmt":"2024-10-30T07:59:30","slug":"te-gjithe-me-thone-falja-xhensila-fajtore-bes-kallaku-gabimisht-u-deshtem-ja-vlejti-kur-zemren-e-shite","status":"publish","type":"post","link":"https:\/\/new.findnews5.com\/?p=22299","title":{"rendered":"\u201cT\u00eb gjith\u00eb m\u00eb thon\u00eb falja\u201d\/ Xhensila fajtore? Bes Kallaku: Gabimisht u desht\u00ebm, ja vlejti kur zemr\u00ebn e shite\u2026"},"content":{"rendered":"<div class=\"78954ae5fa42b68c1393fe3da4998882\" data-index=\"1\" style=\"float: none; margin:0px 0 0px 0; text-align:center;\">\n<div data-type=\"_mgwidget\" data-widget-id=\"1576712\">\r\n<\/div>\r\n<script>(function(w,q){w[q]=w[q]||[];w[q].push([\"_mgc.load\"])})(window,\"_mgq\");\r\n<\/script>\r\n\n<\/div>\n\n<p>Bes Kallaku \u00ebsht\u00eb nj\u00eb nd\u00ebr emrat m\u00eb t\u00eb lakuar t\u00eb shtypit roz\u00eb sidomos pas ndarjes s\u00eb bujshme me Xhensila Myrtezaj.<\/p>\n\n\n\n<p>Pak momente m\u00eb par\u00eb Besi ka publikuar projektin e tij m\u00eb t\u00eb ri n\u00eb bashk\u00ebpunim me k\u00ebng\u00ebtaren Eli Malaj.<\/p>\n\n\n\n<p>Ndjek\u00ebsit e tij menj\u00ebher\u00eb kan\u00eb nisur aludimet se kjo k\u00ebng\u00eb i dedikohet Xhensil\u00ebs, duke par\u00eb se dhe teksti \u00ebsht\u00eb shkruar nga aktori i njohur.<\/p>\n\n\n\n<p>\u201cFalja, t\u00eb gjith\u00eb m\u00eb thon\u00eb falja, jo nuk ma b\u00ebn zemra. Doja t\u00eb ta falja. A ja vlejti kur zemr\u00ebn e shite\u201d, jan\u00eb disa nga vargjet e k\u00ebng\u00ebs, ku n\u00ebnkuptohet se fajtore e ndarjes mund t\u00eb ket\u00eb qen\u00eb Xhensila<\/p>\n\n<div style=\"font-size: 0px; height: 0px; line-height: 0px; margin: 0; padding: 0; clear: both;\"><\/div>","protected":false},"excerpt":{"rendered":"<p>Bes Kallaku \u00ebsht\u00eb nj\u00eb nd\u00ebr emrat m\u00eb t\u00eb lakuar t\u00eb shtypit roz\u00eb sidomos pas ndarjes s\u00eb bujshme me Xhensila Myrtezaj. Pak momente m\u00eb par\u00eb Besi ka publikuar&#8230; <\/p>\n","protected":false},"author":1,"featured_media":22300,"comment_status":"open","ping_status":"open","sticky":false,"template":"","format":"standard","meta":{"footnotes":""},"categories":[6],"tags":[],"class_list":["post-22299","post","type-post","status-publish","format-standard","has-post-thumbnail","hentry","category-lajme"],"_links":{"self":[{"href":"https:\/\/new.findnews5.com\/index.php?rest_route=\/wp\/v2\/posts\/22299","targetHints":{"allow":["GET"]}}],"collection":[{"href":"https:\/\/new.findnews5.com\/index.php?rest_route=\/wp\/v2\/posts"}],"about":[{"href":"https:\/\/new.findnews5.com\/index.php?rest_route=\/wp\/v2\/types\/post"}],"author":[{"embeddable":true,"href":"https:\/\/new.findnews5.com\/index.php?rest_route=\/wp\/v2\/users\/1"}],"replies":[{"embeddable":true,"href":"https:\/\/new.findnews5.com\/index.php?rest_route=%2Fwp%2Fv2%2Fcomments&post=22299"}],"version-history":[{"count":0,"href":"https:\/\/new.findnews5.com\/index.php?rest_route=\/wp\/v2\/posts\/22299\/revisions"}],"wp:featuredmedia":[{"embeddable":true,"href":"https:\/\/new.findnews5.com\/index.php?rest_route=\/wp\/v2\/media\/22300"}],"wp:attachment":[{"href":"https:\/\/new.findnews5.com\/index.php?rest_route=%2Fwp%2Fv2%2Fmedia&parent=22299"}],"wp:term":[{"taxonomy":"category","embeddable":true,"href":"https:\/\/new.findnews5.com\/index.php?rest_route=%2Fwp%2Fv2%2Fcategories&post=22299"},{"taxonomy":"post_tag","embeddable":true,"href":"https:\/\/new.findnews5.com\/index.php?rest_route=%2Fwp%2Fv2%2Ftags&post=22299"}],"curies":[{"name":"wp","href":"https:\/\/api.w.org\/{rel}","templated":true}]}}