{"id":22264,"date":"2024-10-25T17:32:29","date_gmt":"2024-10-25T17:32:29","guid":{"rendered":"https:\/\/new.findnews5.com\/?p=22264"},"modified":"2024-10-25T17:32:31","modified_gmt":"2024-10-25T17:32:31","slug":"lajm-i-trishte-mjekesia-ne-zi-nderron-jete-mjeku-i-njohur-shqiptar-ne-qytetin","status":"publish","type":"post","link":"https:\/\/new.findnews5.com\/?p=22264","title":{"rendered":"LAJM I TRISHT\u00cb\/ Mjek\u00ebsia n\u00eb zi! Nd\u00ebrron jet\u00eb mjeku i njohur Shqiptar n\u00eb qytetin\u2026"},"content":{"rendered":"<div class=\"78954ae5fa42b68c1393fe3da4998882\" data-index=\"1\" style=\"float: none; margin:0px 0 0px 0; text-align:center;\">\n<div data-type=\"_mgwidget\" data-widget-id=\"1576712\">\r\n<\/div>\r\n<script>(function(w,q){w[q]=w[q]||[];w[q].push([\"_mgc.load\"])})(window,\"_mgq\");\r\n<\/script>\r\n\n<\/div>\n\n<p>Mjeku fierak, Koli Proko \u00ebsht\u00eb ndar\u00eb nga jeta n\u00eb mosh\u00ebn 85 vje\u00e7ari.<\/p>\n\n\n\n<p>Spitali Rajonal i Fierit i d\u00ebrgon nj\u00eb mesazh ngush\u00ebllimi familjes Proko dhe thot\u00eb se Dr.Kola ka punuar p\u00ebr rreth kat\u00ebr dekada, duke u sh\u00ebrbyer qytetar\u00ebve fierak\u00eb nga vitit 1966 deri n\u00eb vitin 2002, si mjek gjinekolog.<\/p>\n\n\n\n<p>\u201c<em>Spitali Rajonal Fier bashkohet me dhimbjen e familjes Proko duke shprehur ngushellime per humbjen jo vetem te te dashurit te tyre, por edhe humbjen e nje mjeku, nje miku e nje shoku te \u00e7muar<\/em>\u201c,shkruan Spitali Rajonal Fier.<\/p>\n\n\n\n<p>N\u00eb vitin 2015, Koli Proko u vler\u00ebsua nga Bashkia e Fierit me titullin e lart\u00eb \u201cQytetar Nderi\u201d, n\u00eb shenj\u00eb mir\u00ebnjohje p\u00ebr kat\u00ebr dekadat q\u00eb u sh\u00ebrbeu qytetar\u00ebve fierak\u00eb.<\/p>\n\n<div style=\"font-size: 0px; height: 0px; line-height: 0px; margin: 0; padding: 0; clear: both;\"><\/div>","protected":false},"excerpt":{"rendered":"<p>Mjeku fierak, Koli Proko \u00ebsht\u00eb ndar\u00eb nga jeta n\u00eb mosh\u00ebn 85 vje\u00e7ari. Spitali Rajonal i Fierit i d\u00ebrgon nj\u00eb mesazh ngush\u00ebllimi familjes Proko dhe thot\u00eb se Dr.Kola&#8230; <\/p>\n","protected":false},"author":1,"featured_media":22265,"comment_status":"open","ping_status":"open","sticky":false,"template":"","format":"standard","meta":{"footnotes":""},"categories":[6],"tags":[],"class_list":["post-22264","post","type-post","status-publish","format-standard","has-post-thumbnail","hentry","category-lajme"],"_links":{"self":[{"href":"https:\/\/new.findnews5.com\/index.php?rest_route=\/wp\/v2\/posts\/22264","targetHints":{"allow":["GET"]}}],"collection":[{"href":"https:\/\/new.findnews5.com\/index.php?rest_route=\/wp\/v2\/posts"}],"about":[{"href":"https:\/\/new.findnews5.com\/index.php?rest_route=\/wp\/v2\/types\/post"}],"author":[{"embeddable":true,"href":"https:\/\/new.findnews5.com\/index.php?rest_route=\/wp\/v2\/users\/1"}],"replies":[{"embeddable":true,"href":"https:\/\/new.findnews5.com\/index.php?rest_route=%2Fwp%2Fv2%2Fcomments&post=22264"}],"version-history":[{"count":0,"href":"https:\/\/new.findnews5.com\/index.php?rest_route=\/wp\/v2\/posts\/22264\/revisions"}],"wp:featuredmedia":[{"embeddable":true,"href":"https:\/\/new.findnews5.com\/index.php?rest_route=\/wp\/v2\/media\/22265"}],"wp:attachment":[{"href":"https:\/\/new.findnews5.com\/index.php?rest_route=%2Fwp%2Fv2%2Fmedia&parent=22264"}],"wp:term":[{"taxonomy":"category","embeddable":true,"href":"https:\/\/new.findnews5.com\/index.php?rest_route=%2Fwp%2Fv2%2Fcategories&post=22264"},{"taxonomy":"post_tag","embeddable":true,"href":"https:\/\/new.findnews5.com\/index.php?rest_route=%2Fwp%2Fv2%2Ftags&post=22264"}],"curies":[{"name":"wp","href":"https:\/\/api.w.org\/{rel}","templated":true}]}}