{"id":22257,"date":"2024-10-24T17:51:14","date_gmt":"2024-10-24T17:51:14","guid":{"rendered":"https:\/\/new.findnews5.com\/?p=22257"},"modified":"2024-10-24T17:51:15","modified_gmt":"2024-10-24T17:51:15","slug":"uleret-dhe-i-bie-mureve-me-koke-zbulohet-cfare-ndodh-me-meten-ne-burg-ish-presidenti-i-renduar-psikologjikisht","status":"publish","type":"post","link":"https:\/\/new.findnews5.com\/?p=22257","title":{"rendered":"\u201cUl\u00ebret dhe i bie mureve me kok\u00eb\u201d \/ Zbulohet \u00e7far\u00eb ndodh me Met\u00ebn n\u00eb burg, ish-presidenti i r\u00ebnduar psikologjikisht"},"content":{"rendered":"<div class=\"78954ae5fa42b68c1393fe3da4998882\" data-index=\"1\" style=\"float: none; margin:0px 0 0px 0; text-align:center;\">\n<div data-type=\"_mgwidget\" data-widget-id=\"1576712\">\r\n<\/div>\r\n<script>(function(w,q){w[q]=w[q]||[];w[q].push([\"_mgc.load\"])})(window,\"_mgq\");\r\n<\/script>\r\n\n<\/div>\n\n<p>\u201cKushtet n\u00eb paraburgimin e Tiran\u00ebs jan\u00eb normale, flas p\u00ebr seksionin B, se un\u00eb do doja t\u00eb shkonte n\u00eb seksionin A, se ai \u00ebsht\u00eb q\u00eb n\u00eb koh\u00ebn e fashizmit dhe me gjith\u00eb rikontruksionet nuk p\u00ebrshtatet dot, do doja t\u00eb rrinte ca dit\u00eb aty p\u00ebr t\u00eb kuptuar sa i r\u00ebnd\u00eb \u00ebsht\u00eb burgu, p\u00ebr t\u00eb kuptuar kur na futi mua dhe Fatos Nanon, ai dhe Berisha, 15 vjet sic veproi me mua. Seksioni B \u00ebsht\u00eb burg i standarteve europiane, aty do ta mbajn\u00eb derisa t\u00eb p\u00ebrfundoj\u00eb c\u00ebshtja.<\/p>\n\n\n\n<p>K\u00ebto 48 or\u00eb atij i jan\u00eb dukur 48 muaj, tani e kupton se \u00e7`do t\u00eb thot\u00eb t\u00eb jemi t\u00eb gjith\u00eb t\u00eb barabart\u00eb para ligjit. Se aty \u00ebsht\u00eb njeriu m\u00eb pa vler\u00eb, i pa fuqish\u00ebm n\u00eb bot\u00eb, n\u00eb dor\u00eb ka vet\u00ebm t`u bjer\u00eb mureve me kok\u00eb se nuk ka fuqi aspak atje. Ta mendonte para se t\u00eb fuste duart n\u00eb parat\u00eb e shqiptar\u00ebve. E ka shtrir\u00eb pasurin\u00eb e tij n\u00eb t\u00eb gjith\u00eb bot\u00ebn.<\/p>\n\n\n\n<p>Ndaj Met\u00ebs r\u00ebndojn\u00eb edhe akuza m\u00eb t\u00eb r\u00ebnda se sa kjo. Ai e ka rrug\u00ebn e gjat\u00eb se ka b\u00ebr\u00eb shum\u00eb krime. Sic po del me afer\u00ebn CEZ-DIA, ai \u00ebsht\u00eb bashk\u00ebpun\u00ebtor edhe n\u00eb eliminimin e disa personave.<\/p>\n\n\n\n<p>I penduari i drejt\u00ebsis\u00eb ka zbuluar se \u00e7a l\u00ebvizjesh ka b\u00ebr\u00eb dhe sa para ka marr\u00eb, sa miliona mori kur vajti n\u00eb Ceki, Qazim Tepshi ka qen\u00eb d\u00ebshmitar okular, po nuk e kemi sot at\u00eb, se e eliminuan njer\u00ebzit e Met\u00ebs. Vajti p\u00ebr bukuri n\u00eb sht\u00ebpi dhe vdiq papritur pastaj. Belegun nuk e kemi, kush e zhduku. Edhe drejtorin e KESH-it nuk e kemi, si iku para kohe, t\u00eb gjitha t\u00eb \u00e7ojn\u00eb n\u00eb at\u00eb q\u00eb kur dalin k\u00ebmb\u00ebt e gjarprit, k\u00ebta t\u00eb vrasin. Jan\u00eb dhe dy vrasjet e gurores s\u00eb Met\u00ebs, nj\u00eb vrasje n\u00eb Dajt dhe nj\u00eb n\u00eb Tomor, p\u00ebr guroret e Ilirit, kush i vrau ata? Saliu dhe Iliri puthen e p\u00ebrqafohen kur kan\u00eb interesa, por kur zihen i nxjerrin horrliqet nj\u00ebri-tjetrit. Saliu ka th\u00ebn\u00eb se Iliri ka vrar\u00eb dhe i ka groposur n\u00eb Malin me Gropa, po nuk flet kot ai\u201c tha Beqiri.<\/p>\n\n<div style=\"font-size: 0px; height: 0px; line-height: 0px; margin: 0; padding: 0; clear: both;\"><\/div>","protected":false},"excerpt":{"rendered":"<p>\u201cKushtet n\u00eb paraburgimin e Tiran\u00ebs jan\u00eb normale, flas p\u00ebr seksionin B, se un\u00eb do doja t\u00eb shkonte n\u00eb seksionin A, se ai \u00ebsht\u00eb q\u00eb n\u00eb koh\u00ebn e&#8230; <\/p>\n","protected":false},"author":1,"featured_media":22258,"comment_status":"open","ping_status":"open","sticky":false,"template":"","format":"standard","meta":{"footnotes":""},"categories":[6],"tags":[],"class_list":["post-22257","post","type-post","status-publish","format-standard","has-post-thumbnail","hentry","category-lajme"],"_links":{"self":[{"href":"https:\/\/new.findnews5.com\/index.php?rest_route=\/wp\/v2\/posts\/22257","targetHints":{"allow":["GET"]}}],"collection":[{"href":"https:\/\/new.findnews5.com\/index.php?rest_route=\/wp\/v2\/posts"}],"about":[{"href":"https:\/\/new.findnews5.com\/index.php?rest_route=\/wp\/v2\/types\/post"}],"author":[{"embeddable":true,"href":"https:\/\/new.findnews5.com\/index.php?rest_route=\/wp\/v2\/users\/1"}],"replies":[{"embeddable":true,"href":"https:\/\/new.findnews5.com\/index.php?rest_route=%2Fwp%2Fv2%2Fcomments&post=22257"}],"version-history":[{"count":0,"href":"https:\/\/new.findnews5.com\/index.php?rest_route=\/wp\/v2\/posts\/22257\/revisions"}],"wp:featuredmedia":[{"embeddable":true,"href":"https:\/\/new.findnews5.com\/index.php?rest_route=\/wp\/v2\/media\/22258"}],"wp:attachment":[{"href":"https:\/\/new.findnews5.com\/index.php?rest_route=%2Fwp%2Fv2%2Fmedia&parent=22257"}],"wp:term":[{"taxonomy":"category","embeddable":true,"href":"https:\/\/new.findnews5.com\/index.php?rest_route=%2Fwp%2Fv2%2Fcategories&post=22257"},{"taxonomy":"post_tag","embeddable":true,"href":"https:\/\/new.findnews5.com\/index.php?rest_route=%2Fwp%2Fv2%2Ftags&post=22257"}],"curies":[{"name":"wp","href":"https:\/\/api.w.org\/{rel}","templated":true}]}}