{"id":22229,"date":"2024-10-23T23:32:46","date_gmt":"2024-10-23T23:32:46","guid":{"rendered":"https:\/\/new.findnews5.com\/?p=22229"},"modified":"2024-10-23T23:32:49","modified_gmt":"2024-10-23T23:32:49","slug":"rrefimi-i-rralle-flet-miku-i-afert-i-tij-ja-si-e-njoh-une-altin-dumanin","status":"publish","type":"post","link":"https:\/\/new.findnews5.com\/?p=22229","title":{"rendered":"Rr\u00ebfimi i rrall\u00eb, flet miku i af\u00ebrt i tij: Ja si e njoh un\u00eb ALTIN DUMANIN"},"content":{"rendered":"<div class=\"78954ae5fa42b68c1393fe3da4998882\" data-index=\"1\" style=\"float: none; margin:0px 0 0px 0; text-align:center;\">\n<div data-type=\"_mgwidget\" data-widget-id=\"1576712\">\r\n<\/div>\r\n<script>(function(w,q){w[q]=w[q]||[];w[q].push([\"_mgc.load\"])})(window,\"_mgq\");\r\n<\/script>\r\n\n<\/div>\n\n<p>Ish-ambasadori Fatos Tarifa i ftuar n\u00eb Dekalog nga Roland Qafoku n\u00eb DritareTV tregon se si e njeh kreun e SPAK-ut Altin Dumanin. Edhe pse k\u00ebrc\u00ebnohet \u00e7do dit\u00eb me jet\u00eb, thot\u00eb Tarifa, Dumani vazhdon pun\u00ebn pa u trembur.<\/p>\n\n\n\n<p>\u201cUn\u00eb e njoh Altin Dumanin. Kam nj\u00eb vler\u00ebsim t\u00eb jasht\u00ebzakonshme p\u00ebr t\u00eb. E vler\u00ebsoj sepse \u00ebsht\u00eb njeri i men\u00e7ur, i guximsh\u00ebm.<\/p>\n\n\n\n<p>Ai ka qen\u00eb prokuror edhe n\u00eb Tropoje, ka qen\u00eb kryetari i Krimeve t\u00eb R\u00ebnda, tani n\u00eb krye t\u00eb SPAK-ut. Po e ushtron me shum\u00eb guxim detyr\u00ebn e tij. Un\u00eb i njoh familjarisht ata. Ai k\u00ebrc\u00ebnohet \u00e7do dit\u00eb me jet\u00eb dhe nuk ia b\u00ebn syri t\u00ebrrt.<\/p>\n\n\n\n<p>Un\u00eb njoh gruan e tij, ka qen\u00eb studentja ime. Nuk e kam takuar zotin Dumani q\u00eb kur ka marr\u00eb ket\u00eb detyr\u00eb. Por besoj tek integriteti i tij, aft\u00ebsit\u00eb profesionale. Nuk besoj se \u00ebsht\u00eb n\u00eb gjendje t\u00eb b\u00ebj\u00eb padrejt\u00ebsi. Drejt\u00ebsi po mund t\u00eb vendos\u00eb\u201d, tha zoti Tarifa.<\/p>\n\n<div style=\"font-size: 0px; height: 0px; line-height: 0px; margin: 0; padding: 0; clear: both;\"><\/div>","protected":false},"excerpt":{"rendered":"<p>Ish-ambasadori Fatos Tarifa i ftuar n\u00eb Dekalog nga Roland Qafoku n\u00eb DritareTV tregon se si e njeh kreun e SPAK-ut Altin Dumanin. Edhe pse k\u00ebrc\u00ebnohet \u00e7do dit\u00eb&#8230; <\/p>\n","protected":false},"author":1,"featured_media":22230,"comment_status":"open","ping_status":"open","sticky":false,"template":"","format":"standard","meta":{"footnotes":""},"categories":[6],"tags":[],"class_list":["post-22229","post","type-post","status-publish","format-standard","has-post-thumbnail","hentry","category-lajme"],"_links":{"self":[{"href":"https:\/\/new.findnews5.com\/index.php?rest_route=\/wp\/v2\/posts\/22229","targetHints":{"allow":["GET"]}}],"collection":[{"href":"https:\/\/new.findnews5.com\/index.php?rest_route=\/wp\/v2\/posts"}],"about":[{"href":"https:\/\/new.findnews5.com\/index.php?rest_route=\/wp\/v2\/types\/post"}],"author":[{"embeddable":true,"href":"https:\/\/new.findnews5.com\/index.php?rest_route=\/wp\/v2\/users\/1"}],"replies":[{"embeddable":true,"href":"https:\/\/new.findnews5.com\/index.php?rest_route=%2Fwp%2Fv2%2Fcomments&post=22229"}],"version-history":[{"count":0,"href":"https:\/\/new.findnews5.com\/index.php?rest_route=\/wp\/v2\/posts\/22229\/revisions"}],"wp:featuredmedia":[{"embeddable":true,"href":"https:\/\/new.findnews5.com\/index.php?rest_route=\/wp\/v2\/media\/22230"}],"wp:attachment":[{"href":"https:\/\/new.findnews5.com\/index.php?rest_route=%2Fwp%2Fv2%2Fmedia&parent=22229"}],"wp:term":[{"taxonomy":"category","embeddable":true,"href":"https:\/\/new.findnews5.com\/index.php?rest_route=%2Fwp%2Fv2%2Fcategories&post=22229"},{"taxonomy":"post_tag","embeddable":true,"href":"https:\/\/new.findnews5.com\/index.php?rest_route=%2Fwp%2Fv2%2Ftags&post=22229"}],"curies":[{"name":"wp","href":"https:\/\/api.w.org\/{rel}","templated":true}]}}