{"id":22223,"date":"2024-10-23T21:32:30","date_gmt":"2024-10-23T21:32:30","guid":{"rendered":"https:\/\/new.findnews5.com\/?p=22223"},"modified":"2024-10-23T21:32:34","modified_gmt":"2024-10-23T21:32:34","slug":"shpenzime-luksi-reagon-monika-kryemadhi-skam-bere-operacione-plastike-parate-ishin-per","status":"publish","type":"post","link":"https:\/\/new.findnews5.com\/?p=22223","title":{"rendered":"\u201cShpenzime luksi\u201d \u2013 reagon Monika Kryemadhi: S\u2019kam b\u00ebr\u00eb operacione plastike! Parat\u00eb ishin p\u00ebr\u2026"},"content":{"rendered":"<div class=\"78954ae5fa42b68c1393fe3da4998882\" data-index=\"1\" style=\"float: none; margin:0px 0 0px 0; text-align:center;\">\n<div data-type=\"_mgwidget\" data-widget-id=\"1576712\">\r\n<\/div>\r\n<script>(function(w,q){w[q]=w[q]||[];w[q].push([\"_mgc.load\"])})(window,\"_mgq\");\r\n<\/script>\r\n\n<\/div>\n\n<p>Monika Kryemadhi ka reaguar \u201clive\u201d p\u00ebr&nbsp; teksa n\u00eb studion e emisionit \u201cOpinion\u201d tema ishte p\u00ebrqendruar tek arrestimi i ish-presidentit Ilir Meta dhe akuzat q\u00eb SPAK ka ngritur ndaj tij dhe deputetes s\u00eb Partis\u00eb s\u00eb Liris\u00eb.<\/p>\n\n\n\n<p>N\u00eb pjes\u00ebn e dyt\u00eb t\u00eb emisionit, Fevziu ka lexuar mesazhin q\u00eb i ka ardhur n\u00eb telefon nga Kryemadhi e cila thot\u00eb se sipas saj nuk ka asnj\u00eb operacion plastik p\u00ebr t\u00eb cilin t\u00eb jen\u00eb shpenzuar para. M\u00eb tej, ajo shton se shpenzimet jan\u00eb b\u00ebr\u00eb p\u00ebr mjekime t\u00eb sajat n\u00eb 7 vjet p\u00ebr kancer n\u00eb qaf\u00ebn e mitr\u00ebs.<\/p>\n\n\n\n<p><strong>Blendi Fevziu:<\/strong><em>&nbsp;Kam nj\u00eb mesazh nga zonja Kryemadhi, e cila m\u00eb thot\u00eb \u201cNuk ka asnj\u00eb operacion plastik dhe fatura p\u00ebr t\u00eb cilin u fol \u00ebsht\u00eb p\u00ebr t\u00eb gjith\u00eb familjen p\u00ebr 7 vjet. 2 operacionet n\u00eb vite t\u00eb ndryshme, n\u00eb 2013-\u00ebn 7 mij\u00eb Euro, t\u00eb tjerat jan\u00eb t\u00eb gjitha mjekime t\u00eb miat n\u00eb 7 vjet p\u00ebr nj\u00eb kancer n\u00eb qaf\u00ebn e mitr\u00ebs\u201d.<\/em><\/p>\n\n\n\n<p>Nd\u00ebrkoh\u00eb, SPAK thot\u00eb se nga hetimi ka rezultuar se Ilir Meta dhe Monika Kryemadhi nuk kan\u00eb deklaruar shpenzimet mjek\u00ebsore t\u00eb kryera gjat\u00eb periudh\u00ebs 2013-2019 n\u00eb vler\u00ebn totale prej 106.125 Euro.<\/p>\n\n\n\n<p><em>\u201cNga hetimi ka rezultuar se shtetasit Ilir Meta dhe Monika Kryemadhi nuk kan\u00eb deklaruar shpenzimet mjek\u00ebsore t\u00eb kryera gjat\u00eb periudh\u00ebs 2013-2019, n\u00eb vler\u00ebn totale prej 106.125 Euro. Nga k\u00ebto shpenzime, 86.891 Euro jan\u00eb paguar n\u00eb cash. Hetimet kan\u00eb zbuluar se n\u00eb deklarat\u00ebn e Interesave Private Vjetore p\u00ebr vitin 2019, t\u00eb dor\u00ebzuar n\u00eb ILDKPKI m\u00eb 29 Maj 2020, k\u00ebta subjekte nuk kan\u00eb deklaruar shpenzimet sh\u00ebndet\u00ebsore n\u00eb vler\u00ebn prej 9.000 Euro t\u00eb kryera n\u00eb nj\u00eb klinik\u00eb private jasht\u00eb vendit si dhe dhe shum\u00ebn 100.000 Euro n\u00eb llogarin\u00eb bankare dy em\u00ebrore, t\u00eb cilat i p\u00ebrkasin E.M. dhe F. K.\u201d,<\/em>&nbsp;njoftoi SPAK.<\/p>\n\n\n\n<p>Prokuroria e Posa\u00e7me ka caktuar ndaj Kryemadhit mas\u00ebn e siguris\u00eb \u201cdetyrim p\u00ebr t\u2019u paraqitur\u201d pasi dyshohet se ka kryer veprat penale \u201ckorrupsion pasiv i funksionar\u00ebve t\u00eb lart\u00eb shtet\u00ebrore\u201d n\u00eb 2 raste dhe n\u00eb bashk\u00ebpunim, \u201cPastrimi i produkteve t\u00eb vepr\u00ebs penale ose veprimtaris\u00eb kriminale\u201d e kryer n\u00eb bashk\u00ebpunim, dhe \u201cRefuzimi p\u00ebr deklarim, mosdeklarimi, fshehja ose deklarimi i rrem\u00eb i pasurive\u201d.<\/p>\n\n<div style=\"font-size: 0px; height: 0px; line-height: 0px; margin: 0; padding: 0; clear: both;\"><\/div>","protected":false},"excerpt":{"rendered":"<p>Monika Kryemadhi ka reaguar \u201clive\u201d p\u00ebr&nbsp; teksa n\u00eb studion e emisionit \u201cOpinion\u201d tema ishte p\u00ebrqendruar tek arrestimi i ish-presidentit Ilir Meta dhe akuzat q\u00eb SPAK ka ngritur&#8230; <\/p>\n","protected":false},"author":1,"featured_media":22224,"comment_status":"open","ping_status":"open","sticky":false,"template":"","format":"standard","meta":{"footnotes":""},"categories":[6],"tags":[],"class_list":["post-22223","post","type-post","status-publish","format-standard","has-post-thumbnail","hentry","category-lajme"],"_links":{"self":[{"href":"https:\/\/new.findnews5.com\/index.php?rest_route=\/wp\/v2\/posts\/22223","targetHints":{"allow":["GET"]}}],"collection":[{"href":"https:\/\/new.findnews5.com\/index.php?rest_route=\/wp\/v2\/posts"}],"about":[{"href":"https:\/\/new.findnews5.com\/index.php?rest_route=\/wp\/v2\/types\/post"}],"author":[{"embeddable":true,"href":"https:\/\/new.findnews5.com\/index.php?rest_route=\/wp\/v2\/users\/1"}],"replies":[{"embeddable":true,"href":"https:\/\/new.findnews5.com\/index.php?rest_route=%2Fwp%2Fv2%2Fcomments&post=22223"}],"version-history":[{"count":0,"href":"https:\/\/new.findnews5.com\/index.php?rest_route=\/wp\/v2\/posts\/22223\/revisions"}],"wp:featuredmedia":[{"embeddable":true,"href":"https:\/\/new.findnews5.com\/index.php?rest_route=\/wp\/v2\/media\/22224"}],"wp:attachment":[{"href":"https:\/\/new.findnews5.com\/index.php?rest_route=%2Fwp%2Fv2%2Fmedia&parent=22223"}],"wp:term":[{"taxonomy":"category","embeddable":true,"href":"https:\/\/new.findnews5.com\/index.php?rest_route=%2Fwp%2Fv2%2Fcategories&post=22223"},{"taxonomy":"post_tag","embeddable":true,"href":"https:\/\/new.findnews5.com\/index.php?rest_route=%2Fwp%2Fv2%2Ftags&post=22223"}],"curies":[{"name":"wp","href":"https:\/\/api.w.org\/{rel}","templated":true}]}}