{"id":22185,"date":"2024-10-21T21:26:07","date_gmt":"2024-10-21T21:26:07","guid":{"rendered":"https:\/\/new.findnews5.com\/?p=22185"},"modified":"2024-10-21T21:26:14","modified_gmt":"2024-10-21T21:26:14","slug":"do-perdor-kartelen-e-te-cmendurit-meta-gjen-menyren-per-ti-shpetuar-burgut-deklarata-e-tij-video","status":"publish","type":"post","link":"https:\/\/new.findnews5.com\/?p=22185","title":{"rendered":"\u201cDo p\u00ebrdor kartel\u00ebn e t\u00eb \u00e7mendurit\u201d\/ Meta gjen m\u00ebnyr\u00ebn p\u00ebr t\u2019i shp\u00ebtuar burgut (Deklarata e tij video)"},"content":{"rendered":"<div class=\"78954ae5fa42b68c1393fe3da4998882\" data-index=\"1\" style=\"float: none; margin:0px 0 0px 0; text-align:center;\">\n<div data-type=\"_mgwidget\" data-widget-id=\"1576712\">\r\n<\/div>\r\n<script>(function(w,q){w[q]=w[q]||[];w[q].push([\"_mgc.load\"])})(window,\"_mgq\");\r\n<\/script>\r\n\n<\/div>\n\n<p>Presidenti i Partis\u00eb s\u00eb Liris\u00eb Ilir Meta \u00ebsht\u00eb v\u00ebn\u00eb n\u00eb pranga dit\u00ebn e sotme nga BKH dhe oficer\u00ebt e policis\u00eb pas urdh\u00ebrarrestit t\u00eb SPAK.<\/p>\n\n\n\n<p>Ndaj tij r\u00ebndojn\u00eb korrupsion, pastrim i produkteve, pastrim parash. 5 muaj m\u00eb par\u00eb Ilir Meta i ftuar n\u00eb studion e Quo Vadis n\u00eb Vizion Plus t\u00eb moderuar nga Pranvera Borakaj, u pyet n\u00ebse do t\u00eb p\u00ebrdorte t\u00eb nj\u00ebjt\u00ebn kart\u00eb p\u00ebr t\u2019i shp\u00ebtuar arrestimit, at\u00eb p\u00ebr t\u00eb cil\u00ebn akuzon kreun e SPAK, Altin Dumani?<\/p>\n\n\n\n<p>Pjes\u00eb nga biseda:<\/p>\n\n\n\n<p>Borakaj: Ka dy kategori njer\u00ebzish q\u00eb mendojn\u00eb, nj\u00eb kategori q\u00eb mendon se Ilir Meta \u00ebsht\u00eb \u00e7mendur, dhe nj\u00eb tjet\u00ebr q\u00eb mendojn\u00eb se Ilir Meta po sillet si i \u00e7mendur? Si ndihesh kur i d\u00ebgjon k\u00ebto komente, sa t\u00eb leverdisin k\u00ebto lloj komentesh?<\/p>\n\n\n\n<p>Ilir Meta: (Qesh) Un\u00eb e di q\u00eb fundi i historis\u00eb s\u00eb torollakut \u00ebhst\u00eb q\u00eb n\u00eb fund fare do t\u00eb nxjerr kartel\u00ebn, dhe do thot\u00eb ju e dinit q\u00eb un\u00eb isha me kartel\u00eb, por faji \u00ebhst\u00eb i juaji q\u00eb m\u00eb dhat\u00eb k\u00ebto detyra t\u00eb r\u00ebend\u00ebsishme, dhe do t\u00eb p\u00ebrfitoj leht\u00ebsira.\/Vizionplus<\/p>\n\n\n\n<p><a href=\"https:\/\/www.youtube.com\/watch?v=OvEeF14krJU\"><em><strong>VIDEO<\/strong><\/em><\/a><\/p>\n\n<div style=\"font-size: 0px; height: 0px; line-height: 0px; margin: 0; padding: 0; clear: both;\"><\/div>","protected":false},"excerpt":{"rendered":"<p>Presidenti i Partis\u00eb s\u00eb Liris\u00eb Ilir Meta \u00ebsht\u00eb v\u00ebn\u00eb n\u00eb pranga dit\u00ebn e sotme nga BKH dhe oficer\u00ebt e policis\u00eb pas urdh\u00ebrarrestit t\u00eb SPAK. Ndaj tij r\u00ebndojn\u00eb&#8230; <\/p>\n","protected":false},"author":1,"featured_media":22186,"comment_status":"open","ping_status":"open","sticky":false,"template":"","format":"standard","meta":{"footnotes":""},"categories":[6],"tags":[],"class_list":["post-22185","post","type-post","status-publish","format-standard","has-post-thumbnail","hentry","category-lajme"],"_links":{"self":[{"href":"https:\/\/new.findnews5.com\/index.php?rest_route=\/wp\/v2\/posts\/22185","targetHints":{"allow":["GET"]}}],"collection":[{"href":"https:\/\/new.findnews5.com\/index.php?rest_route=\/wp\/v2\/posts"}],"about":[{"href":"https:\/\/new.findnews5.com\/index.php?rest_route=\/wp\/v2\/types\/post"}],"author":[{"embeddable":true,"href":"https:\/\/new.findnews5.com\/index.php?rest_route=\/wp\/v2\/users\/1"}],"replies":[{"embeddable":true,"href":"https:\/\/new.findnews5.com\/index.php?rest_route=%2Fwp%2Fv2%2Fcomments&post=22185"}],"version-history":[{"count":0,"href":"https:\/\/new.findnews5.com\/index.php?rest_route=\/wp\/v2\/posts\/22185\/revisions"}],"wp:featuredmedia":[{"embeddable":true,"href":"https:\/\/new.findnews5.com\/index.php?rest_route=\/wp\/v2\/media\/22186"}],"wp:attachment":[{"href":"https:\/\/new.findnews5.com\/index.php?rest_route=%2Fwp%2Fv2%2Fmedia&parent=22185"}],"wp:term":[{"taxonomy":"category","embeddable":true,"href":"https:\/\/new.findnews5.com\/index.php?rest_route=%2Fwp%2Fv2%2Fcategories&post=22185"},{"taxonomy":"post_tag","embeddable":true,"href":"https:\/\/new.findnews5.com\/index.php?rest_route=%2Fwp%2Fv2%2Ftags&post=22185"}],"curies":[{"name":"wp","href":"https:\/\/api.w.org\/{rel}","templated":true}]}}