{"id":22179,"date":"2024-10-21T21:14:24","date_gmt":"2024-10-21T21:14:24","guid":{"rendered":"https:\/\/new.findnews5.com\/?p=22179"},"modified":"2024-10-21T21:14:30","modified_gmt":"2024-10-21T21:14:30","slug":"u-thashe-mi-hiqni-prangat-ata-kishin-humbur-celesat-shoferi-i-ish-presidentit-me-perplasen-te-dera-dyte-e-makines-meta-u-tha","status":"publish","type":"post","link":"https:\/\/new.findnews5.com\/?p=22179","title":{"rendered":"\u201cU thash\u00eb m\u2019i hiqni prangat, ata kishin humbur \u00e7el\u00ebsat\u201d, shoferi i ish-presidentit: M\u00eb p\u00ebrplas\u00ebn te dera dyt\u00eb e makin\u00ebs, Meta u tha\u2026"},"content":{"rendered":"<div class=\"78954ae5fa42b68c1393fe3da4998882\" data-index=\"1\" style=\"float: none; margin:0px 0 0px 0; text-align:center;\">\n<div data-type=\"_mgwidget\" data-widget-id=\"1576712\">\r\n<\/div>\r\n<script>(function(w,q){w[q]=w[q]||[];w[q].push([\"_mgc.load\"])})(window,\"_mgq\");\r\n<\/script>\r\n\n<\/div>\n\n<p>Sekretari organizativ i Partis\u00eb s\u00eb Liris\u00eb, Artemis Peca, i cili po drejtonte mjetin me t\u00eb cilin po udh\u00ebtonte kryetari i k\u00ebsaj partie, Ilir Meta n\u00eb momentin e arrestimit, p\u00ebrshkroi edhe nj\u00ebher\u00eb momentin n\u00eb \u201cTop Story\u201d.<\/p>\n\n\n\n<p>Ai tha nd\u00ebr t\u00eb tjera se pasi u arrestua Ilir Meta, edhe ai u prangos dhe q\u00ebndroi me pranga p\u00ebr rreth 4 or\u00eb. Madje n\u00eb nj\u00eb moment tha ai, i k\u00ebrkoi policis\u00eb t\u2019i hiqnin prangat, por ata nuk gjenin \u00e7el\u00ebsat sipas tij.<\/p>\n\n\n\n<p>Peca pretendoi se efektiv\u00ebt e policis\u00eb ushtruan dhun\u00eb ndaj tij duke e p\u00ebrplasur te dera e pasme e makin\u00ebs ku po udh\u00ebtonte bashk\u00eb me Ilir Met\u00ebn.<\/p>\n\n\n\n<p>\u201cKam prej nj\u00eb muaj q\u00eb jam sekretar organizativ i PL, n\u00eb LSI kam q\u00eb n\u00eb 2008. Ne l\u00ebvizim me makin\u00eb bashk\u00eb vet\u00ebm n\u00eb momente t\u00eb caktuara. M\u00eb mor\u00ebn dhe m\u00eb nxor\u00ebn makina me forc\u00eb, m\u00eb kan\u00eb p\u00ebrplasur te dera dyt\u00eb nga mbrapa. I thash \u00e7a po b\u00ebni, than\u00eb mos fol v\u00ebri prangat. Nxora telefonin, ma mor\u00ebn nga dora.<\/p>\n\n\n\n<p>N\u00eb k\u00ebrkuam kush jeni ju, m\u00eb than\u00eb mua po ti kush je. I thash jam sekretari organizativ, na nxor\u00ebn n\u00eb m\u00ebnyr\u00eb \u00e7njer\u00ebzore. M\u00eb vun\u00eb prangat dhe m\u00eb hip\u00ebn n\u00eb makin\u00eb, presidentin e shoq\u00ebruan te makina tjet\u00ebr. Ilir Meta po u thoshte kush jeni ju na shpjegoni. Shkova me pranga n\u00eb polici, donin t\u00eb m\u00eb mbanin aty, t\u00eb m\u00eb b\u00ebnin dhe video sikur isha kriminel. M\u00eb lan\u00eb 40 minuta me pranga n\u00eb duar n\u00eb rajon dhe nuk mi hiqnin. Un\u00eb thoja m\u2019i hiqni prangat, thoshin nuk dim\u00eb ku kemi \u00e7el\u00ebsat. Nj\u00ebri thoshte do dal\u00ebsh, tjetri thoshte jo. Vet\u00ebm ushtronin presion ata t\u00eb policis\u00eb.\u201d\/Top Channel<\/p>\n\n<div style=\"font-size: 0px; height: 0px; line-height: 0px; margin: 0; padding: 0; clear: both;\"><\/div>","protected":false},"excerpt":{"rendered":"<p>Sekretari organizativ i Partis\u00eb s\u00eb Liris\u00eb, Artemis Peca, i cili po drejtonte mjetin me t\u00eb cilin po udh\u00ebtonte kryetari i k\u00ebsaj partie, Ilir Meta n\u00eb momentin e&#8230; <\/p>\n","protected":false},"author":1,"featured_media":22180,"comment_status":"open","ping_status":"open","sticky":false,"template":"","format":"standard","meta":{"footnotes":""},"categories":[6],"tags":[],"class_list":["post-22179","post","type-post","status-publish","format-standard","has-post-thumbnail","hentry","category-lajme"],"_links":{"self":[{"href":"https:\/\/new.findnews5.com\/index.php?rest_route=\/wp\/v2\/posts\/22179","targetHints":{"allow":["GET"]}}],"collection":[{"href":"https:\/\/new.findnews5.com\/index.php?rest_route=\/wp\/v2\/posts"}],"about":[{"href":"https:\/\/new.findnews5.com\/index.php?rest_route=\/wp\/v2\/types\/post"}],"author":[{"embeddable":true,"href":"https:\/\/new.findnews5.com\/index.php?rest_route=\/wp\/v2\/users\/1"}],"replies":[{"embeddable":true,"href":"https:\/\/new.findnews5.com\/index.php?rest_route=%2Fwp%2Fv2%2Fcomments&post=22179"}],"version-history":[{"count":0,"href":"https:\/\/new.findnews5.com\/index.php?rest_route=\/wp\/v2\/posts\/22179\/revisions"}],"wp:featuredmedia":[{"embeddable":true,"href":"https:\/\/new.findnews5.com\/index.php?rest_route=\/wp\/v2\/media\/22180"}],"wp:attachment":[{"href":"https:\/\/new.findnews5.com\/index.php?rest_route=%2Fwp%2Fv2%2Fmedia&parent=22179"}],"wp:term":[{"taxonomy":"category","embeddable":true,"href":"https:\/\/new.findnews5.com\/index.php?rest_route=%2Fwp%2Fv2%2Fcategories&post=22179"},{"taxonomy":"post_tag","embeddable":true,"href":"https:\/\/new.findnews5.com\/index.php?rest_route=%2Fwp%2Fv2%2Ftags&post=22179"}],"curies":[{"name":"wp","href":"https:\/\/api.w.org\/{rel}","templated":true}]}}