{"id":22167,"date":"2024-10-21T13:56:28","date_gmt":"2024-10-21T13:56:28","guid":{"rendered":"https:\/\/new.findnews5.com\/?p=22167"},"modified":"2024-10-21T13:56:30","modified_gmt":"2024-10-21T13:56:30","slug":"momenti-kur-arrestohet-ilir-meta-e-nxjerrin-me-force-nga-makina","status":"publish","type":"post","link":"https:\/\/new.findnews5.com\/?p=22167","title":{"rendered":"Momenti kur arrestohet Ilir Meta, e nxjerrin me forc\u00eb nga makina,"},"content":{"rendered":"<div class=\"78954ae5fa42b68c1393fe3da4998882\" data-index=\"1\" style=\"float: none; margin:0px 0 0px 0; text-align:center;\">\n<div data-type=\"_mgwidget\" data-widget-id=\"1576712\">\r\n<\/div>\r\n<script>(function(w,q){w[q]=w[q]||[];w[q].push([\"_mgc.load\"])})(window,\"_mgq\");\r\n<\/script>\r\n\n<\/div>\n<p>Ilir Meta, ish-presidenti dhe kryetari i Partis\u00eb s\u00eb Liris\u00eb (PL), u arrestua sot, m\u00eb 21 tetor 2024, si pjes\u00eb e nj\u00eb operacioni t\u00eb madh t\u00eb organizuar nga SPAK (Prokuroria e Posa\u00e7me Kund\u00ebr Korrupsionit dhe Krimit t\u00eb Organizuar).<\/p>\n<p> Arrestimi lidhet me hetimet e gjata q\u00eb kan\u00eb vazhduar mbi akuzat p\u00ebr korrupsion t\u00eb r\u00ebnd\u00eb ndaj Met\u00ebs. Gjat\u00eb k\u00ebtij operacioni, u kontrolluan edhe banesat e tij dhe t\u00eb ish-zyrtar\u00ebve t\u00eb tjer\u00eb, p\u00ebrfshir\u00eb edhe vil\u00ebn e Monika Kryemadhit.<\/p>\n<p>Kjo ngjarje \u00ebsht\u00eb pjes\u00eb e nj\u00eb fushate m\u00eb t\u00eb gjer\u00eb t\u00eb SPAK p\u00ebr t\u00eb goditur korrupsionin n\u00eb nivelet m\u00eb t\u00eb larta t\u00eb politik\u00ebs shqiptare. Meta, i cili ka mbajtur pozicione t\u00eb r\u00ebnd\u00ebsishme si kryeminist\u00ebr dhe president, ka mohuar vazhdimisht akuzat, nd\u00ebrkoh\u00eb q\u00eb hetimet jan\u00eb p\u00ebrqendruar n\u00eb grumbullimin e provave t\u00eb nevojshme\u301012\u2020source\u3011\u301013\u2020source\u3011.<br \/>\n <iframe loading=\"lazy\" src=\"https:\/\/www.facebook.com\/plugins\/video.php?height=476&#038;href=https%3A%2F%2Fwww.facebook.com%2FFMimagesAlbania%2Fvideos%2F427203120112822%2F&#038;show_text=false&#038;width=476&#038;t=0\" width=\"476\" height=\"476\" style=\"border:none;overflow:hidden\" scrolling=\"no\" frameborder=\"0\" allowfullscreen=\"true\" allow=\"autoplay; clipboard-write; encrypted-media; picture-in-picture; web-share\" allowFullScreen=\"true\"><\/iframe><\/p>\n\n<div style=\"font-size: 0px; height: 0px; line-height: 0px; margin: 0; padding: 0; clear: both;\"><\/div>","protected":false},"excerpt":{"rendered":"<p>Ilir Meta, ish-presidenti dhe kryetari i Partis\u00eb s\u00eb Liris\u00eb (PL), u arrestua sot, m\u00eb 21 tetor 2024, si pjes\u00eb e nj\u00eb operacioni t\u00eb madh t\u00eb organizuar nga&#8230; <\/p>\n","protected":false},"author":1,"featured_media":22168,"comment_status":"open","ping_status":"open","sticky":false,"template":"","format":"standard","meta":{"footnotes":""},"categories":[6],"tags":[],"class_list":["post-22167","post","type-post","status-publish","format-standard","has-post-thumbnail","hentry","category-lajme"],"_links":{"self":[{"href":"https:\/\/new.findnews5.com\/index.php?rest_route=\/wp\/v2\/posts\/22167","targetHints":{"allow":["GET"]}}],"collection":[{"href":"https:\/\/new.findnews5.com\/index.php?rest_route=\/wp\/v2\/posts"}],"about":[{"href":"https:\/\/new.findnews5.com\/index.php?rest_route=\/wp\/v2\/types\/post"}],"author":[{"embeddable":true,"href":"https:\/\/new.findnews5.com\/index.php?rest_route=\/wp\/v2\/users\/1"}],"replies":[{"embeddable":true,"href":"https:\/\/new.findnews5.com\/index.php?rest_route=%2Fwp%2Fv2%2Fcomments&post=22167"}],"version-history":[{"count":0,"href":"https:\/\/new.findnews5.com\/index.php?rest_route=\/wp\/v2\/posts\/22167\/revisions"}],"wp:featuredmedia":[{"embeddable":true,"href":"https:\/\/new.findnews5.com\/index.php?rest_route=\/wp\/v2\/media\/22168"}],"wp:attachment":[{"href":"https:\/\/new.findnews5.com\/index.php?rest_route=%2Fwp%2Fv2%2Fmedia&parent=22167"}],"wp:term":[{"taxonomy":"category","embeddable":true,"href":"https:\/\/new.findnews5.com\/index.php?rest_route=%2Fwp%2Fv2%2Fcategories&post=22167"},{"taxonomy":"post_tag","embeddable":true,"href":"https:\/\/new.findnews5.com\/index.php?rest_route=%2Fwp%2Fv2%2Ftags&post=22167"}],"curies":[{"name":"wp","href":"https:\/\/api.w.org\/{rel}","templated":true}]}}