{"id":22164,"date":"2024-10-21T13:15:33","date_gmt":"2024-10-21T13:15:33","guid":{"rendered":"https:\/\/new.findnews5.com\/?p=22164"},"modified":"2024-10-21T13:15:34","modified_gmt":"2024-10-21T13:15:34","slug":"arrestohet-ilir-meta-me-urdher-te-spak-ut","status":"publish","type":"post","link":"https:\/\/new.findnews5.com\/?p=22164","title":{"rendered":"Arrestohet Ilir Meta me urdh\u00ebr t\u00eb SPAK-ut"},"content":{"rendered":"<div class=\"78954ae5fa42b68c1393fe3da4998882\" data-index=\"1\" style=\"float: none; margin:0px 0 0px 0; text-align:center;\">\n<div data-type=\"_mgwidget\" data-widget-id=\"1576712\">\r\n<\/div>\r\n<script>(function(w,q){w[q]=w[q]||[];w[q].push([\"_mgc.load\"])})(window,\"_mgq\");\r\n<\/script>\r\n\n<\/div>\n\n<p><strong>Presidenti i Partis\u00eb s\u00eb Liris\u00eb Ilir meta \u00ebsht\u00eb arrestuar me urdh\u00ebr t\u00eb Prokuroris\u00eb s\u00eb Posa\u00e7me SPAK.&nbsp;<\/strong><\/p>\n\n\n\n<p>Meta \u00ebsht\u00eb arrestuar nga agjent\u00ebt e Byros\u00eb Komb\u00ebtare t\u00eb Hetimit dhe forca civile n\u00eb hyrje t\u00eb Tiran\u00ebs teksa po l\u00ebvizte me mjetin e tij n\u00eb drejtim t\u00eb selis\u00eb ku kishte njoftuar konferenc\u00eb. Sipas informacioneve paraprake, ky arrestim lidhet me hetimet e zhvilluara prej disa koh\u00ebsh nga SPAK p\u00ebr \u00e7\u00ebshtjen CEZ-DIA p\u00ebr t\u00eb cil\u00ebn Meta \u00ebsht\u00eb paraqitur dy her\u00eb n\u00eb SPAK.<\/p>\n\n\n\n<p>Lidhur me k\u00ebt\u00eb dosje ka pasur edhe nj\u00eb hetim pasuror p\u00ebr t\u00eb dhe ish-bashk\u00ebshorten e tij Monika Kryemadhi.<\/p>\n\n\n\n<p>N\u00eb qershor t\u00eb k\u00ebtij viti Meta u thirr n\u00eb Prokurorin\u00eb e Posa\u00e7me, duke sh\u00ebnuar her\u00ebn e tret\u00eb q\u00eb mb\u00ebrrin si deklarues n\u00eb k\u00ebt\u00eb institucion. Ai dha shpjegime p\u00ebr llogari t\u00eb hetimit pasuror q\u00eb po zhvillohet ndaj tij dhe Monika Kryemadhit.<\/p>\n\n\n\n<p>Filtrimi i pasuris\u00eb s\u00eb tyre \u00ebsht\u00eb pjes\u00eb e t\u00eb nj\u00ebjt\u00ebs dosje hetimore me lobimit 700 mij\u00eb euro t\u00eb LSI n\u00eb SHBA, si edhe kall\u00ebzimit p\u00ebr shpenzime t\u00eb pajustifikuara p\u00ebr nd\u00ebrhyrje estetike n\u00eb nj\u00eb klinik\u00eb jasht\u00eb vendit.<\/p>\n\n\n\n<p>Pasi q\u00ebndroi p\u00ebr gati 3 or\u00eb e 20 minuta para prokuror\u00ebve, Ilir Meta u shfaq n\u00eb at\u00eb koh\u00eb para gazetar\u00ebve i tensionuar, shum\u00eb larg refrenit t\u00eb tij t\u00eb dikursh\u00ebm t\u00eb dashuris\u00eb e qet\u00ebsis\u00eb.<\/p>\n\n\n\n<p>\u201cJam pyetur 3 or\u00eb kot m\u00eb kot, p\u00ebr gj\u00ebra q\u00eb nuk kan\u00eb asnj\u00eb lidhje me mua, q\u00eb kan\u00eb t\u00eb b\u00ebjn\u00eb me veprimet e t\u00eb tjer\u00ebve. Jam pyetur n\u00eb cil\u00ebsin\u00eb e kund\u00ebrshtarit t\u00eb k\u00ebtij narkoshteti dhe narkoregjimi q\u00eb e mban n\u00eb k\u00ebmb\u00eb Dum dumani. N\u00eb vend t\u00eb ndaloj\u00eb gjith\u00eb ato PPP q\u00eb jan\u00eb rrjedhja m\u00eb e madhe financiare e k\u00ebtij vendi, merret me p\u00ebrrallat e laraskave t\u00eb tij. Tani po iki se kam sip\u00ebrmarrjen, kam tryez\u00ebn. Dum dumani k\u00ebt\u00eb do, t\u00eb mos merremi. B\u00ebn t\u00ebr\u00eb ato akte kriminale kund\u00ebr opozit\u00ebs p\u00ebr t\u00eb shp\u00ebtuar Edi Ram\u00ebn\u201d.<\/p>\n\n\n\n<p>P\u00ebr t\u00eb nj\u00ebjt\u00ebn \u00e7\u00ebshtje dha shpjegime p\u00ebr gati 5 or\u00eb deputetja e Partis\u00eb s\u00eb Liris\u00eb, bashk\u00ebshorte e Met\u00ebs, Monika Kryemadhi.<\/p>\n\n<div style=\"font-size: 0px; height: 0px; line-height: 0px; margin: 0; padding: 0; clear: both;\"><\/div>","protected":false},"excerpt":{"rendered":"<p>Presidenti i Partis\u00eb s\u00eb Liris\u00eb Ilir meta \u00ebsht\u00eb arrestuar me urdh\u00ebr t\u00eb Prokuroris\u00eb s\u00eb Posa\u00e7me SPAK.&nbsp; Meta \u00ebsht\u00eb arrestuar nga agjent\u00ebt e Byros\u00eb Komb\u00ebtare t\u00eb Hetimit dhe&#8230; <\/p>\n","protected":false},"author":1,"featured_media":22165,"comment_status":"open","ping_status":"open","sticky":false,"template":"","format":"standard","meta":{"footnotes":""},"categories":[6],"tags":[],"class_list":["post-22164","post","type-post","status-publish","format-standard","has-post-thumbnail","hentry","category-lajme"],"_links":{"self":[{"href":"https:\/\/new.findnews5.com\/index.php?rest_route=\/wp\/v2\/posts\/22164","targetHints":{"allow":["GET"]}}],"collection":[{"href":"https:\/\/new.findnews5.com\/index.php?rest_route=\/wp\/v2\/posts"}],"about":[{"href":"https:\/\/new.findnews5.com\/index.php?rest_route=\/wp\/v2\/types\/post"}],"author":[{"embeddable":true,"href":"https:\/\/new.findnews5.com\/index.php?rest_route=\/wp\/v2\/users\/1"}],"replies":[{"embeddable":true,"href":"https:\/\/new.findnews5.com\/index.php?rest_route=%2Fwp%2Fv2%2Fcomments&post=22164"}],"version-history":[{"count":0,"href":"https:\/\/new.findnews5.com\/index.php?rest_route=\/wp\/v2\/posts\/22164\/revisions"}],"wp:featuredmedia":[{"embeddable":true,"href":"https:\/\/new.findnews5.com\/index.php?rest_route=\/wp\/v2\/media\/22165"}],"wp:attachment":[{"href":"https:\/\/new.findnews5.com\/index.php?rest_route=%2Fwp%2Fv2%2Fmedia&parent=22164"}],"wp:term":[{"taxonomy":"category","embeddable":true,"href":"https:\/\/new.findnews5.com\/index.php?rest_route=%2Fwp%2Fv2%2Fcategories&post=22164"},{"taxonomy":"post_tag","embeddable":true,"href":"https:\/\/new.findnews5.com\/index.php?rest_route=%2Fwp%2Fv2%2Ftags&post=22164"}],"curies":[{"name":"wp","href":"https:\/\/api.w.org\/{rel}","templated":true}]}}