{"id":22160,"date":"2024-10-20T21:59:55","date_gmt":"2024-10-20T21:59:55","guid":{"rendered":"https:\/\/new.findnews5.com\/?p=22160"},"modified":"2024-10-20T21:59:58","modified_gmt":"2024-10-20T21:59:58","slug":"histori-frymezimi-mposhti-semundjen-e-rende-mesazhi-i-gruas-nga-gramshi","status":"publish","type":"post","link":"https:\/\/new.findnews5.com\/?p=22160","title":{"rendered":"HISTORI FRYM\u00cbZIMI\/ Mposhti s\u00ebmundjen e r\u00ebnd\u00eb, mesazhi i gruas nga Gramshi"},"content":{"rendered":"<div class=\"78954ae5fa42b68c1393fe3da4998882\" data-index=\"1\" style=\"float: none; margin:0px 0 0px 0; text-align:center;\">\n<div data-type=\"_mgwidget\" data-widget-id=\"1576712\">\r\n<\/div>\r\n<script>(function(w,q){w[q]=w[q]||[];w[q].push([\"_mgc.load\"])})(window,\"_mgq\");\r\n<\/script>\r\n\n<\/div>\n\n<p>Ishte nj\u00eb dit\u00eb e zakonshme kur Mahmudie Shuli nga Gramshi pikasi se mund t\u00eb ishte prekur nga kanceri i gjirit.<\/p>\n\n\n\n<p>Ajo tregon se shqet\u00ebsimin e ndau fillimisht me kunat\u00ebn e saj dhe menj\u00ebher\u00eb nisi ekzaminimet. Gjeti forc\u00eb dhe besimin se s\u00ebmundja do t\u00eb mposhtet.<\/p>\n\n\n\n<p>Mb\u00ebshtetja e familjar\u00ebve dhe terapia e ndjekur me rigorozitet nis\u00ebn t\u00eb japin efektet e para. Edhe pse pati momente t\u00eb v\u00ebshtira si r\u00ebnia e flok\u00ebve, ajo asnj\u00ebher\u00eb nuk u dor\u00ebzua. Me kalimin e dit\u00ebve ajo po p\u00ebrmir\u00ebsohej.<\/p>\n\n\n\n<p>Mahmudie Shuli, e sh\u00ebruar nga kanceri i gjirit: Po v\u00ebshtir\u00ebsia m\u00eb e keqe ishte kur t\u00eb binin flok\u00ebt. T\u00eb gjitha keq ishte, edhe kur merrje kimioterapin\u00eb. Nuk ishte nj\u00eb s\u00ebmundje q\u00eb e b\u00ebra vet\u00eb, s\u2019ke \u00e7far\u00eb i b\u00ebn. Me shum\u00eb sakrific\u00eb. Tani kam qen\u00eb mir\u00eb.<\/p>\n\n\n\n<p>Tashm\u00eb kjo histori i p\u00ebrket s\u00eb shkuar\u00ebs. 65-vje\u00e7arja i \u00ebsht\u00eb kthyer normalitetit duke punuar si banakiere n\u00eb nj\u00eb nga lokalet e qytetit t\u00eb Gramshit.<\/p>\n\n\n\n<p>P\u00ebr t\u00eb gjitha grat\u00eb dhe vajzat ajo apelon q\u00eb t\u00eb kontrollohen sa m\u00eb shpesh dhe t\u2019i parapriijn\u00eb s\u00ebmundjes pasi kapja n\u00eb koh\u00eb, kurajo dhe mjekimet kan\u00eb mjaft r\u00ebnd\u00ebsi.<\/p>\n\n\n\n<p>Mahmudie Shuli, e sh\u00ebruar nga kanceri i gjirit: Sa m\u00eb shum\u00eb kontrolle. T\u2019i vijm\u00eb rreth vetes vet\u00eb q\u00eb t\u00eb shtyjm\u00eb ca dit\u00eb sepse \u00ebsht\u00eb shum\u00eb e v\u00ebshtir\u00eb.\/Klan News<\/p>\n\n<div style=\"font-size: 0px; height: 0px; line-height: 0px; margin: 0; padding: 0; clear: both;\"><\/div>","protected":false},"excerpt":{"rendered":"<p>Ishte nj\u00eb dit\u00eb e zakonshme kur Mahmudie Shuli nga Gramshi pikasi se mund t\u00eb ishte prekur nga kanceri i gjirit. Ajo tregon se shqet\u00ebsimin e ndau fillimisht&#8230; <\/p>\n","protected":false},"author":1,"featured_media":22161,"comment_status":"open","ping_status":"open","sticky":false,"template":"","format":"standard","meta":{"footnotes":""},"categories":[6],"tags":[],"class_list":["post-22160","post","type-post","status-publish","format-standard","has-post-thumbnail","hentry","category-lajme"],"_links":{"self":[{"href":"https:\/\/new.findnews5.com\/index.php?rest_route=\/wp\/v2\/posts\/22160","targetHints":{"allow":["GET"]}}],"collection":[{"href":"https:\/\/new.findnews5.com\/index.php?rest_route=\/wp\/v2\/posts"}],"about":[{"href":"https:\/\/new.findnews5.com\/index.php?rest_route=\/wp\/v2\/types\/post"}],"author":[{"embeddable":true,"href":"https:\/\/new.findnews5.com\/index.php?rest_route=\/wp\/v2\/users\/1"}],"replies":[{"embeddable":true,"href":"https:\/\/new.findnews5.com\/index.php?rest_route=%2Fwp%2Fv2%2Fcomments&post=22160"}],"version-history":[{"count":0,"href":"https:\/\/new.findnews5.com\/index.php?rest_route=\/wp\/v2\/posts\/22160\/revisions"}],"wp:featuredmedia":[{"embeddable":true,"href":"https:\/\/new.findnews5.com\/index.php?rest_route=\/wp\/v2\/media\/22161"}],"wp:attachment":[{"href":"https:\/\/new.findnews5.com\/index.php?rest_route=%2Fwp%2Fv2%2Fmedia&parent=22160"}],"wp:term":[{"taxonomy":"category","embeddable":true,"href":"https:\/\/new.findnews5.com\/index.php?rest_route=%2Fwp%2Fv2%2Fcategories&post=22160"},{"taxonomy":"post_tag","embeddable":true,"href":"https:\/\/new.findnews5.com\/index.php?rest_route=%2Fwp%2Fv2%2Ftags&post=22160"}],"curies":[{"name":"wp","href":"https:\/\/api.w.org\/{rel}","templated":true}]}}