{"id":22157,"date":"2024-10-20T21:52:17","date_gmt":"2024-10-20T21:52:17","guid":{"rendered":"https:\/\/new.findnews5.com\/?p=22157"},"modified":"2024-10-20T21:52:19","modified_gmt":"2024-10-20T21:52:19","slug":"nga-janari-2025-200-rritje-te-tatimit-per-pronat-komerciale","status":"publish","type":"post","link":"https:\/\/new.findnews5.com\/?p=22157","title":{"rendered":"Nga janari 2025, 200% rritje t\u00eb tatimit p\u00ebr pronat komerciale"},"content":{"rendered":"<div class=\"78954ae5fa42b68c1393fe3da4998882\" data-index=\"1\" style=\"float: none; margin:0px 0 0px 0; text-align:center;\">\n<div data-type=\"_mgwidget\" data-widget-id=\"1576712\">\r\n<\/div>\r\n<script>(function(w,q){w[q]=w[q]||[];w[q].push([\"_mgc.load\"])})(window,\"_mgq\");\r\n<\/script>\r\n\n<\/div>\n\n<p><a href=\"javascript:void(0);\"><\/a><\/p>\n\n\n\n<p>Ligji i ri p\u00ebr tatimin n\u00eb pron\u00eb, i miratuar vitin e kaluar do t\u00eb rrit\u00eb mbi 200% tatimin p\u00ebr pronat komerciale nga janari i vitit 2025. Kjo po kund\u00ebrshtohet ashp\u00ebr nga Asociacioni i Komunave t\u00eb Kosov\u00ebs dhe Aleanca Kosovare e Biznesit q\u00eb sipas tyre jan\u00eb vlera t\u00eb pap\u00ebrballueshme dhe n\u00eb fund p\u00ebsojn\u00eb prap\u00eb qytetar\u00ebt. Deputeti Ferat Shala thot\u00eb se ky ligj \u00ebsht\u00eb e pamundur t\u00eb kthehet n\u00eb pik\u00ebn zero n\u00eb k\u00ebt\u00eb legjislatur\u00eb.<\/p>\n\n\n\n<p>Nj\u00eb rritje e lart\u00eb e tatimit n\u00eb pron\u00eb po i pret t\u00eb gjith\u00eb ata q\u00eb kan\u00eb prona komerciale nga janari i vitit 2025.<\/p>\n\n\n\n<p>Me 01.01.2025, sipas ligjit vlera e detyrimit tatimor p\u00ebr pron\u00ebn n\u00eb vler\u00eb deri n\u00eb nj\u00ebqindmij\u00eb mund t\u00eb varioj\u00eb prej 0.10% deri 1%, nga 0.20% deri n\u00eb 1%, p\u00ebr vler\u00ebn e pronave mbi nj\u00ebqind mij\u00eb euro.<\/p>\n\n\n\n<p>P\u00ebr vler\u00ebn e pronave mbi 500 mij\u00eb aplikohet shkalla tatimore q\u00eb mund t\u00eb varioj\u00eb prej 0.30% deri 1%.<\/p>\n\n\n\n<p>0.40 deri 1% deri n\u00eb 1 milion, kurse p\u00ebr vler\u00ebn e pronave mbi pes\u00eb milion\u00eb euro aplikohet shkalla tatimore mund t\u00eb varioj\u00eb prej 0.50% deri 1%.<\/p>\n\n\n\n<p>Vler\u00ebsimin e pronave e ka b\u00ebr\u00eb Ministria e Financave, por shkalla tatimore do t\u00eb vendoset nga kuvendet komunale.<\/p>\n\n\n\n<p>Edhe n\u00ebse shkalla tatimore merret m\u00eb e ul\u00ebta, p\u00ebrs\u00ebri do ket\u00eb rritje t\u00eb m\u00ebdha t\u00eb tatimit.<\/p>\n\n\n\n<p>N\u00eb nj\u00eb llogaritje t\u00eb till\u00eb sipas Asociacionit t\u00eb Komunave t\u00eb Kosov\u00ebs, p\u00ebr shembull n\u00ebse vlera e pron\u00ebs \u00ebsht\u00eb 7 milion\u00eb euro, nga 11,900 euro i nj\u00ebjti do t\u00eb paguaj\u00eb 26,100 euro.<\/p>\n\n\n\n<p>Kjo rritje sjell probleme t\u00eb tjera, p\u00ebr t\u00eb cilat tregon kryetari i AKK-s\u00eb.<\/p>\n\n\n\n<p>\u201dN\u00ebse k\u00ebto fatura, i shkojn\u00eb bizneseve t\u00eb Kosov\u00ebs at\u00ebher\u00eb do t\u00eb jet\u00eb nj\u00eb zinxhir\u00eb i d\u00ebmeve, sepse n\u00ebse kemi nj\u00eb pron\u00eb komerciale q\u00eb i ka, nj\u00eb num\u00ebr t\u00eb vog\u00ebl, t\u00eb mes\u00ebm t\u00eb madh t\u00eb shitoreve, ata do t\u00eb jen\u00eb t\u00eb detyruar q\u00eb t\u2019i ngrisin qerat, n\u00eb momentin q\u00eb ngrit\u00ebn qerat, vjen pasoja tjet\u00ebr ku mund t\u00eb ngriten gj\u00ebrat ushqimore, rrobat apo mund t\u00eb zvoglohet numri i pun\u00ebtor\u00ebve\u201d \u2013 ka th\u00ebn\u00eb Sazan Ibrahimi, kryetar i Asociacionit t\u00eb Komunave t\u00eb Kosov\u00ebs.Nga janari 2025, 200% rritje t\u00eb tatimit p\u00ebr pronat komerciale<\/p>\n\n\n\n<p><a href=\"javascript:void(0);\"><\/a><\/p>\n\n<div style=\"font-size: 0px; height: 0px; line-height: 0px; margin: 0; padding: 0; clear: both;\"><\/div>","protected":false},"excerpt":{"rendered":"<p>Ligji i ri p\u00ebr tatimin n\u00eb pron\u00eb, i miratuar vitin e kaluar do t\u00eb rrit\u00eb mbi 200% tatimin p\u00ebr pronat komerciale nga janari i vitit 2025. Kjo&#8230; <\/p>\n","protected":false},"author":1,"featured_media":22158,"comment_status":"open","ping_status":"open","sticky":false,"template":"","format":"standard","meta":{"footnotes":""},"categories":[6],"tags":[],"class_list":["post-22157","post","type-post","status-publish","format-standard","has-post-thumbnail","hentry","category-lajme"],"_links":{"self":[{"href":"https:\/\/new.findnews5.com\/index.php?rest_route=\/wp\/v2\/posts\/22157","targetHints":{"allow":["GET"]}}],"collection":[{"href":"https:\/\/new.findnews5.com\/index.php?rest_route=\/wp\/v2\/posts"}],"about":[{"href":"https:\/\/new.findnews5.com\/index.php?rest_route=\/wp\/v2\/types\/post"}],"author":[{"embeddable":true,"href":"https:\/\/new.findnews5.com\/index.php?rest_route=\/wp\/v2\/users\/1"}],"replies":[{"embeddable":true,"href":"https:\/\/new.findnews5.com\/index.php?rest_route=%2Fwp%2Fv2%2Fcomments&post=22157"}],"version-history":[{"count":0,"href":"https:\/\/new.findnews5.com\/index.php?rest_route=\/wp\/v2\/posts\/22157\/revisions"}],"wp:featuredmedia":[{"embeddable":true,"href":"https:\/\/new.findnews5.com\/index.php?rest_route=\/wp\/v2\/media\/22158"}],"wp:attachment":[{"href":"https:\/\/new.findnews5.com\/index.php?rest_route=%2Fwp%2Fv2%2Fmedia&parent=22157"}],"wp:term":[{"taxonomy":"category","embeddable":true,"href":"https:\/\/new.findnews5.com\/index.php?rest_route=%2Fwp%2Fv2%2Fcategories&post=22157"},{"taxonomy":"post_tag","embeddable":true,"href":"https:\/\/new.findnews5.com\/index.php?rest_route=%2Fwp%2Fv2%2Ftags&post=22157"}],"curies":[{"name":"wp","href":"https:\/\/api.w.org\/{rel}","templated":true}]}}