{"id":22094,"date":"2024-10-19T23:20:42","date_gmt":"2024-10-19T23:20:42","guid":{"rendered":"https:\/\/new.findnews5.com\/?p=22094"},"modified":"2024-10-19T23:20:45","modified_gmt":"2024-10-19T23:20:45","slug":"nuk-eshte-nje-aksesor-i-thjeshte-zbulohet-pse-elvis-naci-nuk-e-heq-kure-nga-dora-unazen-e-zeze","status":"publish","type":"post","link":"https:\/\/new.findnews5.com\/?p=22094","title":{"rendered":"Nuk \u00ebsht\u00eb nj\u00eb aksesor i thjesht\u00eb, zbulohet pse Elvis Na\u00e7i nuk e heq kur\u00eb nga dora unaz\u00ebn e zez\u00eb"},"content":{"rendered":"<div class=\"78954ae5fa42b68c1393fe3da4998882\" data-index=\"1\" style=\"float: none; margin:0px 0 0px 0; text-align:center;\">\n<div data-type=\"_mgwidget\" data-widget-id=\"1576712\">\r\n<\/div>\r\n<script>(function(w,q){w[q]=w[q]||[];w[q].push([\"_mgc.load\"])})(window,\"_mgq\");\r\n<\/script>\r\n\n<\/div>\n\n<p>Pse Elvis Na\u00e7i nuk e heq kurr\u00eb unaz\u00ebn e zez\u00eb nga dora? Kjo \u00ebsht\u00eb pyetja q\u00eb ka b\u00ebr\u00eb shum\u00eb kurioz rrjetin, teksa \u00e7do t\u00eb premte e shohin n\u00eb emisionin \u201cP\u00ebr shqiptar\u00ebt\u201d.<\/p>\n\n\n\n<p>A ka unaza nj\u00eb simbolik\u00eb t\u00eb ve\u00e7ant\u00eb? Cili \u00ebsht\u00eb \u2018misteri\u2019 i saj q\u00eb e b\u00ebn Elvisin ta ket\u00eb gjithnj\u00eb me vete, si t\u00eb vetmin aksesor q\u00eb mban n\u00eb duar? K\u00ebt\u00eb na e tregon bashk\u00ebshortja e tij, Fatma Na\u00e7i.<\/p>\n\n\n\n<p>E pyetur nga Rudina Dembacaj n\u00eb \u201cGoca dhe Gra\u201d, Fatma thot\u00eb:<\/p>\n\n\n\n<p>\u201cElvisi nuk para i p\u00eblqen aksesor\u00ebt, nuk i mban. Un\u00eb jam munduar t\u2019ia dhuroj 3 her\u00eb unaz\u00ebn e martes\u00ebs dhe gjithmon\u00eb e ka dhuruar ose e ka humbur. P\u00ebr inerci nuk e mbaj as un\u00eb tani.<\/p>\n\n\n\n<p>Unaza q\u00eb Elvisi &nbsp;mban \u00ebsht\u00eb dhurat\u00eb nga nj\u00eb mik shum\u00eb i ngusht\u00eb, q\u00eb ai e vler\u00ebson shum\u00eb dhe \u00ebsht\u00eb nj\u00eb pajisje smart q\u00eb \u00ebsht\u00eb e lidhur me telefonin dhe i tregon Elvisit gjith\u00eb koh\u00ebn rrahjet e zemr\u00ebs, tensionin, kur duhet t\u00eb pushoj\u00eb, gjith\u00eb parametrat jet\u00ebsor\u00eb dhe q\u00eb ai \u00ebsht\u00eb shum\u00eb i kujdessh\u00ebm lidhur me sh\u00ebndetin e tij e prandaj e mban, se ndryshe do ta kishte hequr me koh\u00eb.\u201d<\/p>\n\n\n\n<p>Pra, \u2018misteri\u2019 u zgjidh- unaza n\u00eb dor\u00ebn e Elvis Na\u00e7it \u00ebsht\u00eb p\u00ebr arsye sh\u00ebndet\u00ebsore.<\/p>\n\n<div style=\"font-size: 0px; height: 0px; line-height: 0px; margin: 0; padding: 0; clear: both;\"><\/div>","protected":false},"excerpt":{"rendered":"<p>Pse Elvis Na\u00e7i nuk e heq kurr\u00eb unaz\u00ebn e zez\u00eb nga dora? Kjo \u00ebsht\u00eb pyetja q\u00eb ka b\u00ebr\u00eb shum\u00eb kurioz rrjetin, teksa \u00e7do t\u00eb premte e shohin&#8230; <\/p>\n","protected":false},"author":1,"featured_media":22095,"comment_status":"open","ping_status":"open","sticky":false,"template":"","format":"standard","meta":{"footnotes":""},"categories":[6],"tags":[],"class_list":["post-22094","post","type-post","status-publish","format-standard","has-post-thumbnail","hentry","category-lajme"],"_links":{"self":[{"href":"https:\/\/new.findnews5.com\/index.php?rest_route=\/wp\/v2\/posts\/22094","targetHints":{"allow":["GET"]}}],"collection":[{"href":"https:\/\/new.findnews5.com\/index.php?rest_route=\/wp\/v2\/posts"}],"about":[{"href":"https:\/\/new.findnews5.com\/index.php?rest_route=\/wp\/v2\/types\/post"}],"author":[{"embeddable":true,"href":"https:\/\/new.findnews5.com\/index.php?rest_route=\/wp\/v2\/users\/1"}],"replies":[{"embeddable":true,"href":"https:\/\/new.findnews5.com\/index.php?rest_route=%2Fwp%2Fv2%2Fcomments&post=22094"}],"version-history":[{"count":0,"href":"https:\/\/new.findnews5.com\/index.php?rest_route=\/wp\/v2\/posts\/22094\/revisions"}],"wp:featuredmedia":[{"embeddable":true,"href":"https:\/\/new.findnews5.com\/index.php?rest_route=\/wp\/v2\/media\/22095"}],"wp:attachment":[{"href":"https:\/\/new.findnews5.com\/index.php?rest_route=%2Fwp%2Fv2%2Fmedia&parent=22094"}],"wp:term":[{"taxonomy":"category","embeddable":true,"href":"https:\/\/new.findnews5.com\/index.php?rest_route=%2Fwp%2Fv2%2Fcategories&post=22094"},{"taxonomy":"post_tag","embeddable":true,"href":"https:\/\/new.findnews5.com\/index.php?rest_route=%2Fwp%2Fv2%2Ftags&post=22094"}],"curies":[{"name":"wp","href":"https:\/\/api.w.org\/{rel}","templated":true}]}}