{"id":22092,"date":"2024-10-19T15:04:18","date_gmt":"2024-10-19T15:04:18","guid":{"rendered":"https:\/\/new.findnews5.com\/?p=22092"},"modified":"2024-10-19T15:04:20","modified_gmt":"2024-10-19T15:04:20","slug":"kete-gje-duhet-ta-dini-te-gjithe-gruaja-e-elvis-nacit-zbulon-sekretin-se-si-te-mbroheni-dhe-te-largoni-syrin-e-keq","status":"publish","type":"post","link":"https:\/\/new.findnews5.com\/?p=22092","title":{"rendered":"K\u00ebt\u00eb gj\u00eb duhet ta dini t\u00eb gjith\u00eb! Gruaja e Elvis Nacit zbulon SEKRETIN se si t\u00eb mbroheni dhe t\u00eb largoni syrin e keq!"},"content":{"rendered":"<div class=\"78954ae5fa42b68c1393fe3da4998882\" data-index=\"1\" style=\"float: none; margin:0px 0 0px 0; text-align:center;\">\n<div data-type=\"_mgwidget\" data-widget-id=\"1576712\">\r\n<\/div>\r\n<script>(function(w,q){w[q]=w[q]||[];w[q].push([\"_mgc.load\"])})(window,\"_mgq\");\r\n<\/script>\r\n\n<\/div>\n\n<p>Fatma Na\u00e7i ka qen\u00eb e ftuar mbr\u00ebmjen e djeshme n\u00eb studion e \u201cGoca &amp; Gra\u201d ku foli gjer\u00eb e gjat\u00eb p\u00ebr jet\u00ebn e saj personale dhe jo vet\u00ebm.<\/p>\n\n\n\n<p>Mes t\u00eb tjerash, Fatma u pyet n\u00ebse beson te syri i keq dhe n\u00ebse po, si mund ta largojm\u00eb k\u00ebt\u00eb energji negative.<\/p>\n\n\n\n<p>\u201cEdhe sikur mos t\u00eb dua t\u2019i besoj \u00ebsht\u00eb faktike. Un\u00eb shoh shum\u00eb njer\u00ebz q\u00eb vuajn\u00eb nga kjo gj\u00eb.<\/p>\n\n\n\n<p>Besoj vet\u00ebm af\u00ebrsia t\u00eb Zoti dhe tek veprat e mira,<\/p>\n\n\n\n<p>dometh\u00ebn\u00eb n\u00ebse je af\u00ebr Zotit ai \u00ebsht\u00eb mbrojt\u00ebsi i vet\u00ebm.<\/p>\n\n\n\n<p>Duke vazhduar dhe b\u00ebn vepra t\u00eb mira ndihmon nj\u00eb t\u00eb varf\u00ebr q\u00eb ka nevoj\u00eb Zoti t\u00eb heq ty dhe t\u00eb largon ty nj\u00eb breng\u00eb apo nj\u00eb v\u00ebshtir\u00ebsi nga ato q\u00eb t\u2019i ke\u201d, u p\u00ebrgjigj Fatma duke th\u00ebn\u00eb m\u00eb tej se:<\/p>\n\n\n\n<p>\u201cI gjith\u00eb Kurani \u00ebsht\u00eb mbrojtje nga syri i keq. \u00c7far\u00ebdo verseti q\u00eb t\u2019i t\u00eb lexosh \u00ebsht\u00eb mbrotje sepse \u00ebsht\u00eb fjala e Zotit\u201d.<\/p>\n\n<div style=\"font-size: 0px; height: 0px; line-height: 0px; margin: 0; padding: 0; clear: both;\"><\/div>","protected":false},"excerpt":{"rendered":"<p>Fatma Na\u00e7i ka qen\u00eb e ftuar mbr\u00ebmjen e djeshme n\u00eb studion e \u201cGoca &amp; Gra\u201d ku foli gjer\u00eb e gjat\u00eb p\u00ebr jet\u00ebn e saj personale dhe jo&#8230; <\/p>\n","protected":false},"author":1,"featured_media":0,"comment_status":"open","ping_status":"open","sticky":false,"template":"","format":"standard","meta":{"footnotes":""},"categories":[6],"tags":[],"class_list":["post-22092","post","type-post","status-publish","format-standard","hentry","category-lajme"],"_links":{"self":[{"href":"https:\/\/new.findnews5.com\/index.php?rest_route=\/wp\/v2\/posts\/22092","targetHints":{"allow":["GET"]}}],"collection":[{"href":"https:\/\/new.findnews5.com\/index.php?rest_route=\/wp\/v2\/posts"}],"about":[{"href":"https:\/\/new.findnews5.com\/index.php?rest_route=\/wp\/v2\/types\/post"}],"author":[{"embeddable":true,"href":"https:\/\/new.findnews5.com\/index.php?rest_route=\/wp\/v2\/users\/1"}],"replies":[{"embeddable":true,"href":"https:\/\/new.findnews5.com\/index.php?rest_route=%2Fwp%2Fv2%2Fcomments&post=22092"}],"version-history":[{"count":0,"href":"https:\/\/new.findnews5.com\/index.php?rest_route=\/wp\/v2\/posts\/22092\/revisions"}],"wp:attachment":[{"href":"https:\/\/new.findnews5.com\/index.php?rest_route=%2Fwp%2Fv2%2Fmedia&parent=22092"}],"wp:term":[{"taxonomy":"category","embeddable":true,"href":"https:\/\/new.findnews5.com\/index.php?rest_route=%2Fwp%2Fv2%2Fcategories&post=22092"},{"taxonomy":"post_tag","embeddable":true,"href":"https:\/\/new.findnews5.com\/index.php?rest_route=%2Fwp%2Fv2%2Ftags&post=22092"}],"curies":[{"name":"wp","href":"https:\/\/api.w.org\/{rel}","templated":true}]}}